{"id":450,"date":"2024-05-03T09:26:08","date_gmt":"2024-05-03T07:26:08","guid":{"rendered":"https:\/\/www.scouts-europe.org\/aquitaine-nord-et-est\/?p=450"},"modified":"2024-05-03T09:26:08","modified_gmt":"2024-05-03T07:26:08","slug":"promesses-des-aines","status":"publish","type":"post","link":"https:\/\/www.scouts-europe.org\/aquitaine-nord-et-est\/2024\/05\/03\/promesses-des-aines\/","title":{"rendered":"Promesses des ain\u00e9s"},"content":{"rendered":"\n<p>Certains chefs d\u00e9couvrent le scoutisme en prenant un service en unit\u00e9.<\/p>\n\n\n\n<p>Leur progression n&rsquo;est pas oubli\u00e9e et elle commence par la promesse .<br>Hier soir 2 Mai 2024, 5 chefs ont prononc\u00e9s leur promesse, recue par leur chef de groupe respectif par d\u00e9l\u00e9gation des commissaires de districts et b\u00e9nie par le P\u00e8re Barr\u00e9.<\/p>\n\n\n\n<figure class=\"wp-block-image aligncenter size-large\"><img fetchpriority=\"high\" decoding=\"async\" width=\"768\" height=\"1024\" src=\"https:\/\/www.scouts-europe.org\/aquitaine-nord-et-est\/wp-content\/uploads\/sites\/9\/2024\/05\/IMG-20240503-WA0005-768x1024.jpg\" alt=\"img 20240503 wa0005\" class=\"wp-image-454\" srcset=\"https:\/\/www.scouts-europe.org\/aquitaine-nord-et-est\/wp-content\/uploads\/sites\/9\/2024\/05\/IMG-20240503-WA0005-768x1024.jpg 768w, https:\/\/www.scouts-europe.org\/aquitaine-nord-et-est\/wp-content\/uploads\/sites\/9\/2024\/05\/IMG-20240503-WA0005-225x300.jpg 225w, https:\/\/www.scouts-europe.org\/aquitaine-nord-et-est\/wp-content\/uploads\/sites\/9\/2024\/05\/IMG-20240503-WA0005-1152x1536.jpg 1152w, https:\/\/www.scouts-europe.org\/aquitaine-nord-et-est\/wp-content\/uploads\/sites\/9\/2024\/05\/IMG-20240503-WA0005.jpg 1200w\" sizes=\"(max-width: 768px) 100vw, 768px\" \/><\/figure>\n\n\n\n<figure class=\"wp-block-image aligncenter size-large\"><img decoding=\"async\" width=\"1024\" height=\"768\" src=\"https:\/\/www.scouts-europe.org\/aquitaine-nord-et-est\/wp-content\/uploads\/sites\/9\/2024\/05\/IMG-20240503-WA0008-1024x768.jpg\" alt=\"img 20240503 wa0008\" class=\"wp-image-452\" srcset=\"https:\/\/www.scouts-europe.org\/aquitaine-nord-et-est\/wp-content\/uploads\/sites\/9\/2024\/05\/IMG-20240503-WA0008-1024x768.jpg 1024w, https:\/\/www.scouts-europe.org\/aquitaine-nord-et-est\/wp-content\/uploads\/sites\/9\/2024\/05\/IMG-20240503-WA0008-300x225.jpg 300w, https:\/\/www.scouts-europe.org\/aquitaine-nord-et-est\/wp-content\/uploads\/sites\/9\/2024\/05\/IMG-20240503-WA0008-768x576.jpg 768w, https:\/\/www.scouts-europe.org\/aquitaine-nord-et-est\/wp-content\/uploads\/sites\/9\/2024\/05\/IMG-20240503-WA0008-1536x1152.jpg 1536w, https:\/\/www.scouts-europe.org\/aquitaine-nord-et-est\/wp-content\/uploads\/sites\/9\/2024\/05\/IMG-20240503-WA0008.jpg 1600w\" sizes=\"(max-width: 1024px) 100vw, 1024px\" \/><\/figure>\n\n\n\n<figure class=\"wp-block-image aligncenter size-large\"><img decoding=\"async\" width=\"1024\" height=\"768\" src=\"https:\/\/www.scouts-europe.org\/aquitaine-nord-et-est\/wp-content\/uploads\/sites\/9\/2024\/05\/IMG-20240503-WA0002-1024x768.jpg\" alt=\"img 20240503 wa0002\" class=\"wp-image-453\" srcset=\"https:\/\/www.scouts-europe.org\/aquitaine-nord-et-est\/wp-content\/uploads\/sites\/9\/2024\/05\/IMG-20240503-WA0002-1024x768.jpg 1024w, https:\/\/www.scouts-europe.org\/aquitaine-nord-et-est\/wp-content\/uploads\/sites\/9\/2024\/05\/IMG-20240503-WA0002-300x225.jpg 300w, https:\/\/www.scouts-europe.org\/aquitaine-nord-et-est\/wp-content\/uploads\/sites\/9\/2024\/05\/IMG-20240503-WA0002-768x576.jpg 768w, https:\/\/www.scouts-europe.org\/aquitaine-nord-et-est\/wp-content\/uploads\/sites\/9\/2024\/05\/IMG-20240503-WA0002-1536x1152.jpg 1536w, https:\/\/www.scouts-europe.org\/aquitaine-nord-et-est\/wp-content\/uploads\/sites\/9\/2024\/05\/IMG-20240503-WA0002.jpg 1600w\" sizes=\"(max-width: 1024px) 100vw, 1024px\" \/><\/figure>\n\n\n\n<figure class=\"wp-block-image aligncenter size-large\"><img loading=\"lazy\" decoding=\"async\" width=\"1024\" height=\"768\" src=\"https:\/\/www.scouts-europe.org\/aquitaine-nord-et-est\/wp-content\/uploads\/sites\/9\/2024\/05\/IMG-20240503-WA0010-1024x768.jpg\" alt=\"img 20240503 wa0010\" class=\"wp-image-451\" srcset=\"https:\/\/www.scouts-europe.org\/aquitaine-nord-et-est\/wp-content\/uploads\/sites\/9\/2024\/05\/IMG-20240503-WA0010-1024x768.jpg 1024w, https:\/\/www.scouts-europe.org\/aquitaine-nord-et-est\/wp-content\/uploads\/sites\/9\/2024\/05\/IMG-20240503-WA0010-300x225.jpg 300w, https:\/\/www.scouts-europe.org\/aquitaine-nord-et-est\/wp-content\/uploads\/sites\/9\/2024\/05\/IMG-20240503-WA0010-768x576.jpg 768w, https:\/\/www.scouts-europe.org\/aquitaine-nord-et-est\/wp-content\/uploads\/sites\/9\/2024\/05\/IMG-20240503-WA0010-1536x1152.jpg 1536w, https:\/\/www.scouts-europe.org\/aquitaine-nord-et-est\/wp-content\/uploads\/sites\/9\/2024\/05\/IMG-20240503-WA0010.jpg 1600w\" sizes=\"(max-width: 1024px) 100vw, 1024px\" \/><\/figure>\n\n\n\n<figure class=\"wp-block-image aligncenter size-large\"><img loading=\"lazy\" decoding=\"async\" width=\"1024\" height=\"768\" src=\"https:\/\/www.scouts-europe.org\/aquitaine-nord-et-est\/wp-content\/uploads\/sites\/9\/2024\/05\/IMG-20240503-WA0012-1024x768.jpg\" alt=\"img 20240503 wa0012\" class=\"wp-image-455\" srcset=\"https:\/\/www.scouts-europe.org\/aquitaine-nord-et-est\/wp-content\/uploads\/sites\/9\/2024\/05\/IMG-20240503-WA0012-1024x768.jpg 1024w, https:\/\/www.scouts-europe.org\/aquitaine-nord-et-est\/wp-content\/uploads\/sites\/9\/2024\/05\/IMG-20240503-WA0012-300x225.jpg 300w, https:\/\/www.scouts-europe.org\/aquitaine-nord-et-est\/wp-content\/uploads\/sites\/9\/2024\/05\/IMG-20240503-WA0012-768x576.jpg 768w, https:\/\/www.scouts-europe.org\/aquitaine-nord-et-est\/wp-content\/uploads\/sites\/9\/2024\/05\/IMG-20240503-WA0012-1536x1152.jpg 1536w, https:\/\/www.scouts-europe.org\/aquitaine-nord-et-est\/wp-content\/uploads\/sites\/9\/2024\/05\/IMG-20240503-WA0012.jpg 1600w\" sizes=\"(max-width: 1024px) 100vw, 1024px\" \/><\/figure>\n","protected":false},"excerpt":{"rendered":"<p>Certains chefs d\u00e9couvrent le scoutisme en prenant un service en unit\u00e9. Leur progression n&rsquo;est pas oubli\u00e9e et elle commence par la promesse .Hier soir 2 Mai 2024, 5 chefs ont prononc\u00e9s leur promesse, recue par leur chef de groupe respectif par d\u00e9l\u00e9gation des commissaires de districts et b\u00e9nie par le P\u00e8re Barr\u00e9.<\/p>\n","protected":false},"author":39,"featured_media":0,"comment_status":"closed","ping_status":"closed","sticky":false,"template":"","format":"standard","meta":{"_seopress_robots_primary_cat":"","_seopress_titles_title":"","_seopress_titles_desc":"","_seopress_robots_index":"","site-sidebar-layout":"default","site-content-layout":"","ast-site-content-layout":"default","site-content-style":"default","site-sidebar-style":"default","ast-global-header-display":"","ast-banner-title-visibility":"","ast-main-header-display":"","ast-hfb-above-header-display":"","ast-hfb-below-header-display":"","ast-hfb-mobile-header-display":"","site-post-title":"","ast-breadcrumbs-content":"","ast-featured-img":"","footer-sml-layout":"","theme-transparent-header-meta":"","adv-header-id-meta":"","stick-header-meta":"","header-above-stick-meta":"","header-main-stick-meta":"","header-below-stick-meta":"","astra-migrate-meta-layouts":"set","ast-page-background-enabled":"default","ast-page-background-meta":{"desktop":{"background-color":"var(--ast-global-color-4)","background-image":"","background-repeat":"repeat","background-position":"center center","background-size":"auto","background-attachment":"scroll","background-type":"","background-media":"","overlay-type":"","overlay-color":"","overlay-opacity":"","overlay-gradient":""},"tablet":{"background-color":"","background-image":"","background-repeat":"repeat","background-position":"center center","background-size":"auto","background-attachment":"scroll","background-type":"","background-media":"","overlay-type":"","overlay-color":"","overlay-opacity":"","overlay-gradient":""},"mobile":{"background-color":"","background-image":"","background-repeat":"repeat","background-position":"center center","background-size":"auto","background-attachment":"scroll","background-type":"","background-media":"","overlay-type":"","overlay-color":"","overlay-opacity":"","overlay-gradient":""}},"ast-content-background-meta":{"desktop":{"background-color":"var(--ast-global-color-5)","background-image":"","background-repeat":"repeat","background-position":"center center","background-size":"auto","background-attachment":"scroll","background-type":"","background-media":"","overlay-type":"","overlay-color":"","overlay-opacity":"","overlay-gradient":""},"tablet":{"background-color":"var(--ast-global-color-5)","background-image":"","background-repeat":"repeat","background-position":"center center","background-size":"auto","background-attachment":"scroll","background-type":"","background-media":"","overlay-type":"","overlay-color":"","overlay-opacity":"","overlay-gradient":""},"mobile":{"background-color":"var(--ast-global-color-5)","background-image":"","background-repeat":"repeat","background-position":"center center","background-size":"auto","background-attachment":"scroll","background-type":"","background-media":"","overlay-type":"","overlay-color":"","overlay-opacity":"","overlay-gradient":""}},"footnotes":""},"categories":[1],"tags":[],"class_list":["post-450","post","type-post","status-publish","format-standard","hentry","category-actualite"],"_links":{"self":[{"href":"https:\/\/www.scouts-europe.org\/aquitaine-nord-et-est\/wp-json\/wp\/v2\/posts\/450","targetHints":{"allow":["GET"]}}],"collection":[{"href":"https:\/\/www.scouts-europe.org\/aquitaine-nord-et-est\/wp-json\/wp\/v2\/posts"}],"about":[{"href":"https:\/\/www.scouts-europe.org\/aquitaine-nord-et-est\/wp-json\/wp\/v2\/types\/post"}],"author":[{"embeddable":true,"href":"https:\/\/www.scouts-europe.org\/aquitaine-nord-et-est\/wp-json\/wp\/v2\/users\/39"}],"replies":[{"embeddable":true,"href":"https:\/\/www.scouts-europe.org\/aquitaine-nord-et-est\/wp-json\/wp\/v2\/comments?post=450"}],"version-history":[{"count":2,"href":"https:\/\/www.scouts-europe.org\/aquitaine-nord-et-est\/wp-json\/wp\/v2\/posts\/450\/revisions"}],"predecessor-version":[{"id":457,"href":"https:\/\/www.scouts-europe.org\/aquitaine-nord-et-est\/wp-json\/wp\/v2\/posts\/450\/revisions\/457"}],"wp:attachment":[{"href":"https:\/\/www.scouts-europe.org\/aquitaine-nord-et-est\/wp-json\/wp\/v2\/media?parent=450"}],"wp:term":[{"taxonomy":"category","embeddable":true,"href":"https:\/\/www.scouts-europe.org\/aquitaine-nord-et-est\/wp-json\/wp\/v2\/categories?post=450"},{"taxonomy":"post_tag","embeddable":true,"href":"https:\/\/www.scouts-europe.org\/aquitaine-nord-et-est\/wp-json\/wp\/v2\/tags?post=450"}],"curies":[{"name":"wp","href":"https:\/\/api.w.org\/{rel}","templated":true}]}}