{"id":1316,"date":"2020-10-04T18:58:00","date_gmt":"2020-10-04T16:58:00","guid":{"rendered":"http:\/\/guides-scouts-deurope-eureetloir.fr\/?p=1316"},"modified":"2024-07-29T12:07:41","modified_gmt":"2024-07-29T10:07:41","slug":"pelerinage-des-routiers-a-la-toussaint","status":"publish","type":"post","link":"https:\/\/www.scouts-europe.org\/eure-et-loir\/2020\/10\/04\/pelerinage-des-routiers-a-la-toussaint\/","title":{"rendered":"P\u00e8lerinage des Routiers \u00e0 la Toussaint"},"content":{"rendered":"\n<p>Cette ann\u00e9e, la situation sanitaire rend impossible l&rsquo;organisation du traditionnel p\u00e8lerinage \u00e0 V\u00e9zelay. C&rsquo;est donc dans chaque District Scout que p\u00e9lerineront les routiers, pour marcher vers la cath\u00e9drale de leurs dioc\u00e8ses.<\/p>\n\n\n\n<p>Pour nous en Eure et Loir, notre p\u00e9riple d\u00e9marrera le jeudi 29 octobre par un d\u00e9part en train \u00e0 8h29 de la gare de Chartres pour rejoindre La Loupe et y avoir la messe \u00e0 9h30 \u00e0 l&rsquo;\u00e9glise. Nous finirons le dimanche 1er novembre \u00e0 la cath\u00e9drale de Chartres pour la messe de la Toussaint \u00e0 11h, suivie du rassemblement final et de l&rsquo;envoi en mission. Un ap\u00e9ritif sera servi \u00e0 toutes les familles et amis qui nous auront rejoint pour la messe (dans le respect des des normes sanitaires, \u00e9videmment).<\/p>\n\n\n\n<p>Le point d&rsquo;orgue de ce p\u00e8lerinage sera la procession (au son du Kyrie des Gueux) et la veill\u00e9e d&rsquo;adoration le samedi 31 octobre au soir \u00e0 l&rsquo;\u00e9glise de Ver-l\u00e8s-Chartres. Monseigneur Christory sera avec nous pour cette belle soir\u00e9e. <\/p>\n\n\n\n<p class=\"has-medium-font-size\">\u00ab\u00a0<em>Anciens Chefs, anciens Routiers, Routiers Scouts, Pr\u00eatres du dioc\u00e8se, nous vous invitons \u00e0 participer avec nous \u00e0 ce \u00ab\u00a0V\u00e9zelay\u00a0\u00bb local. En tous cas, nous comptons vraiment sur votre pr\u00e9sence le samedi soir pour la procession et la veill\u00e9e d&rsquo;adoration, moment important de ce p\u00e8lerinage.<\/em>\u00ab\u00a0<\/p>\n\n\n\n<p>Pour participer ou pour plus d&rsquo;informations, merci d&rsquo;envoyer un mail \u00e0 : scouts.deurope.eureetloir@gmail.com<\/p>\n\n\n\n<p>Pour finir, voici un beau reportage du p\u00e8lerinage des Routiers Scouts d&rsquo;Europe \u00e0 V\u00e9zelay. <\/p>\n\n\n\n<p><em><strong>\u00ab\u00a0Et ultre\u00efa\u00a0\u00bb<\/strong><\/em><\/p>\n\n\n\n<figure class=\"wp-block-embed-youtube wp-block-embed is-type-video is-provider-youtube wp-embed-aspect-16-9 wp-has-aspect-ratio\"><div class=\"wp-block-embed__wrapper\">\n<iframe title=\"V\u00e9zelay 2017 avec le Clan\" width=\"500\" height=\"281\" src=\"https:\/\/www.youtube.com\/embed\/4AMtXaohzPU?feature=oembed\" frameborder=\"0\" allow=\"accelerometer; autoplay; clipboard-write; encrypted-media; gyroscope; picture-in-picture; web-share\" referrerpolicy=\"strict-origin-when-cross-origin\" allowfullscreen><\/iframe>\n<\/div><\/figure>\n","protected":false},"excerpt":{"rendered":"<p>Cette ann\u00e9e, la situation sanitaire rend impossible l&rsquo;organisation du traditionnel p\u00e8lerinage \u00e0 V\u00e9zelay. C&rsquo;est donc dans chaque District Scout que [&hellip;]<\/p>\n","protected":false},"author":60,"featured_media":1328,"comment_status":"closed","ping_status":"closed","sticky":false,"template":"","format":"standard","meta":{"_seopress_robots_primary_cat":"","_seopress_titles_title":"","_seopress_titles_desc":"","_seopress_robots_index":"","site-sidebar-layout":"default","site-content-layout":"","ast-site-content-layout":"default","site-content-style":"default","site-sidebar-style":"default","ast-global-header-display":"","ast-banner-title-visibility":"","ast-main-header-display":"","ast-hfb-above-header-display":"","ast-hfb-below-header-display":"","ast-hfb-mobile-header-display":"","site-post-title":"","ast-breadcrumbs-content":"","ast-featured-img":"","footer-sml-layout":"","theme-transparent-header-meta":"","adv-header-id-meta":"","stick-header-meta":"","header-above-stick-meta":"","header-main-stick-meta":"","header-below-stick-meta":"","astra-migrate-meta-layouts":"default","ast-page-background-enabled":"default","ast-page-background-meta":{"desktop":{"background-color":"var(--ast-global-color-4)","background-image":"","background-repeat":"repeat","background-position":"center center","background-size":"auto","background-attachment":"scroll","background-type":"","background-media":"","overlay-type":"","overlay-color":"","overlay-opacity":"","overlay-gradient":""},"tablet":{"background-color":"","background-image":"","background-repeat":"repeat","background-position":"center center","background-size":"auto","background-attachment":"scroll","background-type":"","background-media":"","overlay-type":"","overlay-color":"","overlay-opacity":"","overlay-gradient":""},"mobile":{"background-color":"","background-image":"","background-repeat":"repeat","background-position":"center center","background-size":"auto","background-attachment":"scroll","background-type":"","background-media":"","overlay-type":"","overlay-color":"","overlay-opacity":"","overlay-gradient":""}},"ast-content-background-meta":{"desktop":{"background-color":"var(--ast-global-color-5)","background-image":"","background-repeat":"repeat","background-position":"center center","background-size":"auto","background-attachment":"scroll","background-type":"","background-media":"","overlay-type":"","overlay-color":"","overlay-opacity":"","overlay-gradient":""},"tablet":{"background-color":"var(--ast-global-color-5)","background-image":"","background-repeat":"repeat","background-position":"center center","background-size":"auto","background-attachment":"scroll","background-type":"","background-media":"","overlay-type":"","overlay-color":"","overlay-opacity":"","overlay-gradient":""},"mobile":{"background-color":"var(--ast-global-color-5)","background-image":"","background-repeat":"repeat","background-position":"center center","background-size":"auto","background-attachment":"scroll","background-type":"","background-media":"","overlay-type":"","overlay-color":"","overlay-opacity":"","overlay-gradient":""}},"footnotes":""},"categories":[1],"tags":[39,40,41,42,36,43,44],"class_list":["post-1316","post","type-post","status-publish","format-standard","has-post-thumbnail","hentry","category-actualite","tag-christory","tag-pelerinage-des-routiers-de-chartes","tag-routier","tag-rs","tag-scout-deurope-a-chartres","tag-toussaint-2020","tag-veillee-vezelay"],"_links":{"self":[{"href":"https:\/\/www.scouts-europe.org\/eure-et-loir\/wp-json\/wp\/v2\/posts\/1316","targetHints":{"allow":["GET"]}}],"collection":[{"href":"https:\/\/www.scouts-europe.org\/eure-et-loir\/wp-json\/wp\/v2\/posts"}],"about":[{"href":"https:\/\/www.scouts-europe.org\/eure-et-loir\/wp-json\/wp\/v2\/types\/post"}],"author":[{"embeddable":true,"href":"https:\/\/www.scouts-europe.org\/eure-et-loir\/wp-json\/wp\/v2\/users\/60"}],"replies":[{"embeddable":true,"href":"https:\/\/www.scouts-europe.org\/eure-et-loir\/wp-json\/wp\/v2\/comments?post=1316"}],"version-history":[{"count":1,"href":"https:\/\/www.scouts-europe.org\/eure-et-loir\/wp-json\/wp\/v2\/posts\/1316\/revisions"}],"predecessor-version":[{"id":2077,"href":"https:\/\/www.scouts-europe.org\/eure-et-loir\/wp-json\/wp\/v2\/posts\/1316\/revisions\/2077"}],"wp:featuredmedia":[{"embeddable":true,"href":"https:\/\/www.scouts-europe.org\/eure-et-loir\/wp-json\/wp\/v2\/media\/1328"}],"wp:attachment":[{"href":"https:\/\/www.scouts-europe.org\/eure-et-loir\/wp-json\/wp\/v2\/media?parent=1316"}],"wp:term":[{"taxonomy":"category","embeddable":true,"href":"https:\/\/www.scouts-europe.org\/eure-et-loir\/wp-json\/wp\/v2\/categories?post=1316"},{"taxonomy":"post_tag","embeddable":true,"href":"https:\/\/www.scouts-europe.org\/eure-et-loir\/wp-json\/wp\/v2\/tags?post=1316"}],"curies":[{"name":"wp","href":"https:\/\/api.w.org\/{rel}","templated":true}]}}