{"id":1341,"date":"2020-10-30T15:29:41","date_gmt":"2020-10-30T14:29:41","guid":{"rendered":"http:\/\/guides-scouts-deurope-eureetloir.fr\/?p=1341"},"modified":"2024-08-28T17:21:26","modified_gmt":"2024-08-28T15:21:26","slug":"recit-de-notre-pelerinage-de-la-toussaint-2020","status":"publish","type":"post","link":"https:\/\/www.scouts-europe.org\/eure-et-loir\/2020\/10\/30\/recit-de-notre-pelerinage-de-la-toussaint-2020\/","title":{"rendered":"R\u00e9cit de notre p\u00e8lerinage de la Toussaint 2020"},"content":{"rendered":"\n<p>Suite aux nouvelles directives de confinement annonc\u00e9es par notre pr\u00e9sident, nous avons d\u00e9cid\u00e9 de partir quand-m\u00eame pour une seule journ\u00e9e pour essayer de faire un \u00ab\u00a0condens\u00e9 de V\u00e9zelay\u00a0\u00bb.<\/p>\n\n\n\n<div class=\"wp-block-media-text alignwide is-stacked-on-mobile\"><figure class=\"wp-block-media-text__media\"><img fetchpriority=\"high\" decoding=\"async\" width=\"1024\" height=\"768\" src=\"https:\/\/www.scouts-europe.org\/eure-et-loir\/wp-content\/uploads\/sites\/25\/2020\/10\/IMG_0031-scaled-1-1024x768.jpg\" alt=\"img 0031\" class=\"wp-image-1355 size-full\" srcset=\"https:\/\/www.scouts-europe.org\/eure-et-loir\/wp-content\/uploads\/sites\/25\/2020\/10\/IMG_0031-scaled-1-1024x768.jpg 1024w, https:\/\/www.scouts-europe.org\/eure-et-loir\/wp-content\/uploads\/sites\/25\/2020\/10\/IMG_0031-scaled-1-300x225.jpg 300w, https:\/\/www.scouts-europe.org\/eure-et-loir\/wp-content\/uploads\/sites\/25\/2020\/10\/IMG_0031-scaled-1-768x576.jpg 768w, https:\/\/www.scouts-europe.org\/eure-et-loir\/wp-content\/uploads\/sites\/25\/2020\/10\/IMG_0031-scaled-1-1536x1152.jpg 1536w, https:\/\/www.scouts-europe.org\/eure-et-loir\/wp-content\/uploads\/sites\/25\/2020\/10\/IMG_0031-scaled-1-2048x1536.jpg 2048w\" sizes=\"(max-width: 1024px) 100vw, 1024px\" \/><\/figure><div class=\"wp-block-media-text__content\">\n<p class=\"has-normal-font-size\">Nous sommes donc partis ce jeudi 29 octobre \u00e0 8h29 de la gare de Chartres en direction de la La Loupe.<\/p>\n\n\n\n<p>C&rsquo;est 5 gars du clan et 4 du CLIM qui participent \u00e0 cette \u00ab\u00a0journ\u00e9e V\u00e9zelay\u00a0\u00bb<\/p>\n\n\n\n<p>A la Loupe, nous d\u00e9marrons par la messe \u00e0 l&rsquo;\u00e9glise \u00e0 laquelle nous avons les paroissiens. Quelques-uns sont l\u00e0. Nous garderons un tr\u00e8s bon souvenir de cette dame qui nous a accueilli \u00e0 l&rsquo;\u00e9glise et dont la gentillesse, la foi surtout, la confiance en la providence nous a donn\u00e9 \u00e0 r\u00e9fl\u00e9chir.<\/p>\n<\/div><\/div>\n\n\n\n<p>Apr\u00e8s cette messe, petit enseignement de notre CR sur le silence, la discr\u00e9tion qui nous invite \u00e0 une plus grande proximit\u00e9 avec Dieu. On peut prendre comme exemple concret, le silence sacr\u00e9 \u00e0 la fin d&rsquo;une veill\u00e9e quand nous nous retrouvons tous autour du feu. Notre CR nous invite \u00e0 rechercher ces moments de silence dans notre vie.<\/p>\n\n\n\n<div class=\"wp-block-media-text alignwide has-media-on-the-right is-stacked-on-mobile\" style=\"grid-template-columns:auto 36%\"><div class=\"wp-block-media-text__content\">\n<p class=\"has-normal-font-size\">C&rsquo;est vers 10h45 que nous mettons notre sac \u00e0 dos, au dos et nous d\u00e9marrons notre marche en direction du Thieulin. Le temps est plut\u00f4t doux, la pluie n&rsquo;a pas l&rsquo;air de pointer un bout de goutte, la marche s&rsquo;annonce belle.<\/p>\n\n\n\n<p>Notre chemin nous am\u00e8ne rapidement dans la for\u00eat domaniale de Mont\u00e9cot o\u00f9 nous nous arr\u00eatons le midi pour un bon repas.<\/p>\n\n\n\n<p>Apr\u00e8s le repas, petit topo de notre CDS sur la progression pilote, les diff\u00e9rentes \u00e9tapes de cette progression. Ce topo nous ouvre vers l&rsquo;heure route durant laquelle nous sommes invit\u00e9s \u00e0 confier \u00e0 notre Seigneur notre progression scoute, le choix de notre p\u00e8re spi et de notre parrain pilote.<\/p>\n<\/div><figure class=\"wp-block-media-text__media\"><img decoding=\"async\" width=\"768\" height=\"1024\" src=\"https:\/\/www.scouts-europe.org\/eure-et-loir\/wp-content\/uploads\/sites\/25\/2020\/10\/IMG_0040-scaled-1-768x1024.jpg\" alt=\"img 0040\" class=\"wp-image-1349 size-full\" srcset=\"https:\/\/www.scouts-europe.org\/eure-et-loir\/wp-content\/uploads\/sites\/25\/2020\/10\/IMG_0040-scaled-1-768x1024.jpg 768w, https:\/\/www.scouts-europe.org\/eure-et-loir\/wp-content\/uploads\/sites\/25\/2020\/10\/IMG_0040-scaled-1-225x300.jpg 225w, https:\/\/www.scouts-europe.org\/eure-et-loir\/wp-content\/uploads\/sites\/25\/2020\/10\/IMG_0040-scaled-1-1152x1536.jpg 1152w, https:\/\/www.scouts-europe.org\/eure-et-loir\/wp-content\/uploads\/sites\/25\/2020\/10\/IMG_0040-scaled-1-1536x2048.jpg 1536w, https:\/\/www.scouts-europe.org\/eure-et-loir\/wp-content\/uploads\/sites\/25\/2020\/10\/IMG_0040-scaled-1.jpg 1920w\" sizes=\"(max-width: 768px) 100vw, 768px\" \/><\/figure><\/div>\n\n\n\n<div class=\"wp-block-media-text alignwide is-stacked-on-mobile\" style=\"grid-template-columns:40% auto\"><figure class=\"wp-block-media-text__media\"><img decoding=\"async\" width=\"1024\" height=\"768\" src=\"https:\/\/www.scouts-europe.org\/eure-et-loir\/wp-content\/uploads\/sites\/25\/2020\/10\/IMG_0035-scaled-1-1024x768.jpg\" alt=\"img 0035\" class=\"wp-image-1354 size-full\" srcset=\"https:\/\/www.scouts-europe.org\/eure-et-loir\/wp-content\/uploads\/sites\/25\/2020\/10\/IMG_0035-scaled-1-1024x768.jpg 1024w, https:\/\/www.scouts-europe.org\/eure-et-loir\/wp-content\/uploads\/sites\/25\/2020\/10\/IMG_0035-scaled-1-300x225.jpg 300w, https:\/\/www.scouts-europe.org\/eure-et-loir\/wp-content\/uploads\/sites\/25\/2020\/10\/IMG_0035-scaled-1-768x576.jpg 768w, https:\/\/www.scouts-europe.org\/eure-et-loir\/wp-content\/uploads\/sites\/25\/2020\/10\/IMG_0035-scaled-1-1536x1152.jpg 1536w, https:\/\/www.scouts-europe.org\/eure-et-loir\/wp-content\/uploads\/sites\/25\/2020\/10\/IMG_0035-scaled-1-2048x1536.jpg 2048w\" sizes=\"(max-width: 1024px) 100vw, 1024px\" \/><\/figure><div class=\"wp-block-media-text__content\">\n<p class=\"has-normal-font-size\">Apr\u00e8s cette bonne pause, nous repartons pour quitter la for\u00eat domaniale de de Mont\u00e9cot et entrer dans la for\u00eat de Champrond. <\/p>\n\n\n\n<p class=\"has-normal-font-size\">Moment extraordinaire dans cette for\u00eat magnifique, le silence nous gagne peu \u00e0 peu pour mieux contempler la nature qui nous entoure et surtout ne pas faire fuir les nombreux animaux qui sont l\u00e0 : sangliers, cerfs, chevreuils sont les animaux les plus majestueux que nous pouvons voir assez facilement.<\/p>\n<\/div><\/div>\n\n\n\n<figure class=\"wp-block-gallery aligncenter has-nested-images columns-default is-cropped wp-block-gallery-1 is-layout-flex wp-block-gallery-is-layout-flex\">\n<figure class=\"wp-block-image size-large\"><img loading=\"lazy\" decoding=\"async\" width=\"768\" height=\"1024\" data-id=\"1353\" src=\"https:\/\/www.scouts-europe.org\/eure-et-loir\/wp-content\/uploads\/sites\/25\/2020\/10\/IMG_0036-scaled-1-768x1024.jpg\" alt=\"img 0036\" class=\"wp-image-1353\" srcset=\"https:\/\/www.scouts-europe.org\/eure-et-loir\/wp-content\/uploads\/sites\/25\/2020\/10\/IMG_0036-scaled-1-768x1024.jpg 768w, https:\/\/www.scouts-europe.org\/eure-et-loir\/wp-content\/uploads\/sites\/25\/2020\/10\/IMG_0036-scaled-1-225x300.jpg 225w, https:\/\/www.scouts-europe.org\/eure-et-loir\/wp-content\/uploads\/sites\/25\/2020\/10\/IMG_0036-scaled-1-1152x1536.jpg 1152w, https:\/\/www.scouts-europe.org\/eure-et-loir\/wp-content\/uploads\/sites\/25\/2020\/10\/IMG_0036-scaled-1-1536x2048.jpg 1536w, https:\/\/www.scouts-europe.org\/eure-et-loir\/wp-content\/uploads\/sites\/25\/2020\/10\/IMG_0036-scaled-1.jpg 1920w\" sizes=\"(max-width: 768px) 100vw, 768px\" \/><\/figure>\n\n\n\n<figure class=\"wp-block-image size-large\"><img loading=\"lazy\" decoding=\"async\" width=\"1024\" height=\"768\" data-id=\"1352\" src=\"https:\/\/www.scouts-europe.org\/eure-et-loir\/wp-content\/uploads\/sites\/25\/2020\/10\/IMG_0037-scaled-1-1024x768.jpg\" alt=\"img 0037\" class=\"wp-image-1352\" srcset=\"https:\/\/www.scouts-europe.org\/eure-et-loir\/wp-content\/uploads\/sites\/25\/2020\/10\/IMG_0037-scaled-1-1024x768.jpg 1024w, https:\/\/www.scouts-europe.org\/eure-et-loir\/wp-content\/uploads\/sites\/25\/2020\/10\/IMG_0037-scaled-1-300x225.jpg 300w, https:\/\/www.scouts-europe.org\/eure-et-loir\/wp-content\/uploads\/sites\/25\/2020\/10\/IMG_0037-scaled-1-768x576.jpg 768w, https:\/\/www.scouts-europe.org\/eure-et-loir\/wp-content\/uploads\/sites\/25\/2020\/10\/IMG_0037-scaled-1-1536x1152.jpg 1536w, https:\/\/www.scouts-europe.org\/eure-et-loir\/wp-content\/uploads\/sites\/25\/2020\/10\/IMG_0037-scaled-1-2048x1536.jpg 2048w\" sizes=\"(max-width: 1024px) 100vw, 1024px\" \/><\/figure>\n\n\n\n<figure class=\"wp-block-image size-large\"><img loading=\"lazy\" decoding=\"async\" width=\"1024\" height=\"768\" data-id=\"1350\" src=\"https:\/\/www.scouts-europe.org\/eure-et-loir\/wp-content\/uploads\/sites\/25\/2020\/10\/IMG_0039-scaled-1-1024x768.jpg\" alt=\"img 0039\" class=\"wp-image-1350\" srcset=\"https:\/\/www.scouts-europe.org\/eure-et-loir\/wp-content\/uploads\/sites\/25\/2020\/10\/IMG_0039-scaled-1-1024x768.jpg 1024w, https:\/\/www.scouts-europe.org\/eure-et-loir\/wp-content\/uploads\/sites\/25\/2020\/10\/IMG_0039-scaled-1-300x225.jpg 300w, https:\/\/www.scouts-europe.org\/eure-et-loir\/wp-content\/uploads\/sites\/25\/2020\/10\/IMG_0039-scaled-1-768x576.jpg 768w, https:\/\/www.scouts-europe.org\/eure-et-loir\/wp-content\/uploads\/sites\/25\/2020\/10\/IMG_0039-scaled-1-1536x1152.jpg 1536w, https:\/\/www.scouts-europe.org\/eure-et-loir\/wp-content\/uploads\/sites\/25\/2020\/10\/IMG_0039-scaled-1-2048x1536.jpg 2048w\" sizes=\"(max-width: 1024px) 100vw, 1024px\" \/><\/figure>\n<\/figure>\n\n\n\n<div class=\"wp-block-media-text alignwide is-stacked-on-mobile\" style=\"grid-template-columns:46% auto\"><figure class=\"wp-block-media-text__media\"><img loading=\"lazy\" decoding=\"async\" width=\"1024\" height=\"768\" src=\"https:\/\/www.scouts-europe.org\/eure-et-loir\/wp-content\/uploads\/sites\/25\/2020\/10\/IMG_0042-scaled-1-1024x768.jpg\" alt=\"img 0042\" class=\"wp-image-1348 size-full\" srcset=\"https:\/\/www.scouts-europe.org\/eure-et-loir\/wp-content\/uploads\/sites\/25\/2020\/10\/IMG_0042-scaled-1-1024x768.jpg 1024w, https:\/\/www.scouts-europe.org\/eure-et-loir\/wp-content\/uploads\/sites\/25\/2020\/10\/IMG_0042-scaled-1-300x225.jpg 300w, https:\/\/www.scouts-europe.org\/eure-et-loir\/wp-content\/uploads\/sites\/25\/2020\/10\/IMG_0042-scaled-1-768x576.jpg 768w, https:\/\/www.scouts-europe.org\/eure-et-loir\/wp-content\/uploads\/sites\/25\/2020\/10\/IMG_0042-scaled-1-1536x1152.jpg 1536w, https:\/\/www.scouts-europe.org\/eure-et-loir\/wp-content\/uploads\/sites\/25\/2020\/10\/IMG_0042-scaled-1-2048x1536.jpg 2048w\" sizes=\"(max-width: 1024px) 100vw, 1024px\" \/><\/figure><div class=\"wp-block-media-text__content\">\n<p class=\"has-normal-font-size\">Notre chemin nous emm\u00e8ne juqu&rsquo;au Thieulin et le Ch\u00e2teau Ligneroles o\u00f9 il \u00e9tait pr\u00e9vu initialement d&rsquo;y passer la nuit. Nous n&rsquo;y passerons que la soir\u00e9e pour le d\u00eener puisque nous devons \u00eatre rentr\u00e9s chez nous avant minuit pour le nouveau confinement.<\/p>\n\n\n\n<p>Pour ce changement d&rsquo;organisation, nous avons donc avanc\u00e9 la veill\u00e9e d&rsquo;adoration qui devait \u00eatre samedi soir. Elle se fera ce jeudi soir et nous attendons que d&rsquo;autres Routiers qui ne pouvaient marcher aujourd&rsquo;hui, nous rejoignent pour le d\u00eener et la veill\u00e9e d&rsquo;adoration. Ils doivent nous apporter les ingr\u00e9dients pour le repas. Malheureusement, aucun ne peut arriver pour le repas, nous nous pr\u00e9parons donc \u00e0 je\u00fbner par obligation !!<\/p>\n<\/div><\/div>\n\n\n\n<p>Je\u00fbner par obligation ? Impossible ! Nous sonnons chez une habitante qui nous offre les ingr\u00e9dients d&rsquo;un repas de gala. Merci Madame !<\/p>\n\n\n\n<div class=\"wp-block-media-text alignwide has-media-on-the-right is-stacked-on-mobile\" style=\"grid-template-columns:auto 42%\"><div class=\"wp-block-media-text__content\">\n<p class=\"has-normal-font-size\">Apr\u00e8s ce d\u00eener de gala, nous quittons notre bivouac pour rejoindre l&rsquo;\u00e9glise du village pour vivre notre veill\u00e9e d&rsquo;adoration. C&rsquo;est en chantant le Kyrie de gueux que nous entrons dans notre \u00ab\u00a0petite basilique Franz Stock\u00a0\u00bb, notre Saint Patron du clan. <\/p>\n<\/div><figure class=\"wp-block-media-text__media\"><img loading=\"lazy\" decoding=\"async\" width=\"1024\" height=\"768\" src=\"https:\/\/www.scouts-europe.org\/eure-et-loir\/wp-content\/uploads\/sites\/25\/2020\/10\/IMG_0046-scaled-1-1024x768.jpg\" alt=\"img 0046\" class=\"wp-image-1345 size-full\" srcset=\"https:\/\/www.scouts-europe.org\/eure-et-loir\/wp-content\/uploads\/sites\/25\/2020\/10\/IMG_0046-scaled-1-1024x768.jpg 1024w, https:\/\/www.scouts-europe.org\/eure-et-loir\/wp-content\/uploads\/sites\/25\/2020\/10\/IMG_0046-scaled-1-300x225.jpg 300w, https:\/\/www.scouts-europe.org\/eure-et-loir\/wp-content\/uploads\/sites\/25\/2020\/10\/IMG_0046-scaled-1-768x576.jpg 768w, https:\/\/www.scouts-europe.org\/eure-et-loir\/wp-content\/uploads\/sites\/25\/2020\/10\/IMG_0046-scaled-1-1536x1152.jpg 1536w, https:\/\/www.scouts-europe.org\/eure-et-loir\/wp-content\/uploads\/sites\/25\/2020\/10\/IMG_0046-scaled-1-2048x1536.jpg 2048w\" sizes=\"(max-width: 1024px) 100vw, 1024px\" \/><\/figure><\/div>\n\n\n\n<figure class=\"wp-block-video\"><video height=\"1080\" style=\"aspect-ratio: 1920 \/ 1080;\" width=\"1920\" controls src=\"https:\/\/www.scouts-europe.org\/eure-et-loir\/wp-content\/uploads\/sites\/25\/2020\/10\/IMG_0044.mov\"><\/video><\/figure>\n\n\n\n<figure class=\"wp-block-image aligncenter size-large is-resized\"><img loading=\"lazy\" decoding=\"async\" width=\"768\" height=\"1024\" src=\"https:\/\/www.scouts-europe.org\/eure-et-loir\/wp-content\/uploads\/sites\/25\/2020\/10\/IMG_0045-scaled-1-768x1024.jpg\" alt=\"img 0045\" class=\"wp-image-1346\" style=\"width:589px;height:783px\" srcset=\"https:\/\/www.scouts-europe.org\/eure-et-loir\/wp-content\/uploads\/sites\/25\/2020\/10\/IMG_0045-scaled-1-768x1024.jpg 768w, https:\/\/www.scouts-europe.org\/eure-et-loir\/wp-content\/uploads\/sites\/25\/2020\/10\/IMG_0045-scaled-1-225x300.jpg 225w, https:\/\/www.scouts-europe.org\/eure-et-loir\/wp-content\/uploads\/sites\/25\/2020\/10\/IMG_0045-scaled-1-1152x1536.jpg 1152w, https:\/\/www.scouts-europe.org\/eure-et-loir\/wp-content\/uploads\/sites\/25\/2020\/10\/IMG_0045-scaled-1-1536x2048.jpg 1536w, https:\/\/www.scouts-europe.org\/eure-et-loir\/wp-content\/uploads\/sites\/25\/2020\/10\/IMG_0045-scaled-1.jpg 1920w\" sizes=\"(max-width: 768px) 100vw, 768px\" \/><figcaption class=\"wp-element-caption\">Adoramus Te, Domine Jesus Christe<\/figcaption><\/figure>\n\n\n\n<p>Notre \u00ab\u00a0V\u00e9zelay\u00a0\u00bb local est maintenant termin\u00e9, nous rentrons chez nous pour nous confiner apr\u00e8s cette journ\u00e9e dense, v\u00e9cue dans le pur style route.<\/p>\n\n\n\n<p>Notre-Dame de la Route, priez pour nous et gardez vos routiers.<\/p>\n\n\n\n<p>Notre-Dame de France, prot\u00e9gez notre pays.<\/p>\n","protected":false},"excerpt":{"rendered":"<p>Suite aux nouvelles directives de confinement annonc\u00e9es par notre pr\u00e9sident, nous avons d\u00e9cid\u00e9 de partir quand-m\u00eame pour une seule journ\u00e9e [&hellip;]<\/p>\n","protected":false},"author":60,"featured_media":1317,"comment_status":"closed","ping_status":"closed","sticky":false,"template":"","format":"standard","meta":{"_seopress_robots_primary_cat":"","_seopress_titles_title":"","_seopress_titles_desc":"","_seopress_robots_index":"","site-sidebar-layout":"default","site-content-layout":"","ast-site-content-layout":"default","site-content-style":"default","site-sidebar-style":"default","ast-global-header-display":"","ast-banner-title-visibility":"","ast-main-header-display":"","ast-hfb-above-header-display":"","ast-hfb-below-header-display":"","ast-hfb-mobile-header-display":"","site-post-title":"","ast-breadcrumbs-content":"","ast-featured-img":"","footer-sml-layout":"","theme-transparent-header-meta":"","adv-header-id-meta":"","stick-header-meta":"","header-above-stick-meta":"","header-main-stick-meta":"","header-below-stick-meta":"","astra-migrate-meta-layouts":"set","ast-page-background-enabled":"default","ast-page-background-meta":{"desktop":{"background-color":"var(--ast-global-color-4)","background-image":"","background-repeat":"repeat","background-position":"center center","background-size":"auto","background-attachment":"scroll","background-type":"","background-media":"","overlay-type":"","overlay-color":"","overlay-opacity":"","overlay-gradient":""},"tablet":{"background-color":"","background-image":"","background-repeat":"repeat","background-position":"center center","background-size":"auto","background-attachment":"scroll","background-type":"","background-media":"","overlay-type":"","overlay-color":"","overlay-opacity":"","overlay-gradient":""},"mobile":{"background-color":"","background-image":"","background-repeat":"repeat","background-position":"center center","background-size":"auto","background-attachment":"scroll","background-type":"","background-media":"","overlay-type":"","overlay-color":"","overlay-opacity":"","overlay-gradient":""}},"ast-content-background-meta":{"desktop":{"background-color":"var(--ast-global-color-5)","background-image":"","background-repeat":"repeat","background-position":"center center","background-size":"auto","background-attachment":"scroll","background-type":"","background-media":"","overlay-type":"","overlay-color":"","overlay-opacity":"","overlay-gradient":""},"tablet":{"background-color":"var(--ast-global-color-5)","background-image":"","background-repeat":"repeat","background-position":"center center","background-size":"auto","background-attachment":"scroll","background-type":"","background-media":"","overlay-type":"","overlay-color":"","overlay-opacity":"","overlay-gradient":""},"mobile":{"background-color":"var(--ast-global-color-5)","background-image":"","background-repeat":"repeat","background-position":"center center","background-size":"auto","background-attachment":"scroll","background-type":"","background-media":"","overlay-type":"","overlay-color":"","overlay-opacity":"","overlay-gradient":""}},"footnotes":""},"categories":[1],"tags":[45,40,41,42,36,43,44],"class_list":["post-1341","post","type-post","status-publish","format-standard","has-post-thumbnail","hentry","category-actualite","tag-franz-stock","tag-pelerinage-des-routiers-de-chartes","tag-routier","tag-rs","tag-scout-deurope-a-chartres","tag-toussaint-2020","tag-veillee-vezelay"],"_links":{"self":[{"href":"https:\/\/www.scouts-europe.org\/eure-et-loir\/wp-json\/wp\/v2\/posts\/1341","targetHints":{"allow":["GET"]}}],"collection":[{"href":"https:\/\/www.scouts-europe.org\/eure-et-loir\/wp-json\/wp\/v2\/posts"}],"about":[{"href":"https:\/\/www.scouts-europe.org\/eure-et-loir\/wp-json\/wp\/v2\/types\/post"}],"author":[{"embeddable":true,"href":"https:\/\/www.scouts-europe.org\/eure-et-loir\/wp-json\/wp\/v2\/users\/60"}],"replies":[{"embeddable":true,"href":"https:\/\/www.scouts-europe.org\/eure-et-loir\/wp-json\/wp\/v2\/comments?post=1341"}],"version-history":[{"count":4,"href":"https:\/\/www.scouts-europe.org\/eure-et-loir\/wp-json\/wp\/v2\/posts\/1341\/revisions"}],"predecessor-version":[{"id":2312,"href":"https:\/\/www.scouts-europe.org\/eure-et-loir\/wp-json\/wp\/v2\/posts\/1341\/revisions\/2312"}],"wp:featuredmedia":[{"embeddable":true,"href":"https:\/\/www.scouts-europe.org\/eure-et-loir\/wp-json\/wp\/v2\/media\/1317"}],"wp:attachment":[{"href":"https:\/\/www.scouts-europe.org\/eure-et-loir\/wp-json\/wp\/v2\/media?parent=1341"}],"wp:term":[{"taxonomy":"category","embeddable":true,"href":"https:\/\/www.scouts-europe.org\/eure-et-loir\/wp-json\/wp\/v2\/categories?post=1341"},{"taxonomy":"post_tag","embeddable":true,"href":"https:\/\/www.scouts-europe.org\/eure-et-loir\/wp-json\/wp\/v2\/tags?post=1341"}],"curies":[{"name":"wp","href":"https:\/\/api.w.org\/{rel}","templated":true}]}}