{"id":1401,"date":"2021-03-20T20:55:48","date_gmt":"2021-03-20T19:55:48","guid":{"rendered":"http:\/\/guides-scouts-deurope-eureetloir.fr\/?p=1401"},"modified":"2024-08-28T17:13:49","modified_gmt":"2024-08-28T15:13:49","slug":"journee-des-chefs-et-cheftaines-de-groupe-de-toute-la-province-coeur-de-france","status":"publish","type":"post","link":"https:\/\/www.scouts-europe.org\/eure-et-loir\/2021\/03\/20\/journee-des-chefs-et-cheftaines-de-groupe-de-toute-la-province-coeur-de-france\/","title":{"rendered":"Journ\u00e9e des Chefs et Cheftaines de Groupe de toute la Province C\u0153ur de France"},"content":{"rendered":"\n<div class=\"wp-block-media-text alignwide is-stacked-on-mobile\"><figure class=\"wp-block-media-text__media\"><img fetchpriority=\"high\" decoding=\"async\" width=\"768\" height=\"1024\" src=\"https:\/\/www.scouts-europe.org\/eure-et-loir\/wp-content\/uploads\/sites\/25\/2021\/03\/WhatsApp-Image-2021-03-13-at-20.03.39-1-1-768x1024.jpeg\" alt=\"\" class=\"wp-image-1405 size-full\" srcset=\"https:\/\/www.scouts-europe.org\/eure-et-loir\/wp-content\/uploads\/sites\/25\/2021\/03\/WhatsApp-Image-2021-03-13-at-20.03.39-1-1-768x1024.jpeg 768w, https:\/\/www.scouts-europe.org\/eure-et-loir\/wp-content\/uploads\/sites\/25\/2021\/03\/WhatsApp-Image-2021-03-13-at-20.03.39-1-1-225x300.jpeg 225w, https:\/\/www.scouts-europe.org\/eure-et-loir\/wp-content\/uploads\/sites\/25\/2021\/03\/WhatsApp-Image-2021-03-13-at-20.03.39-1-1-1152x1536.jpeg 1152w, https:\/\/www.scouts-europe.org\/eure-et-loir\/wp-content\/uploads\/sites\/25\/2021\/03\/WhatsApp-Image-2021-03-13-at-20.03.39-1-1.jpeg 1200w\" sizes=\"(max-width: 768px) 100vw, 768px\" \/><\/figure><div class=\"wp-block-media-text__content\">\n<p class=\"has-normal-font-size\">Ce 13 mars 2021, tous les chefs et cheftaines de Groupe de notre Province C\u0153ur de France (sensiblement la r\u00e9gion Centre) ce sont retrouv\u00e9s pour une journ\u00e9e de formation sur le th\u00e8me de la Joie Scoute.<\/p>\n\n\n\n<p class=\"has-normal-font-size\">Nous avons \u00e9t\u00e9 accueillis \u00e0 Pontlevoy, dans cette magnifique abbaye fond\u00e9e en 1034 !<\/p>\n\n\n\n<p>Les r\u00e8gles sanitaires ont \u00e9t\u00e9 respect\u00e9es \u00e0 merveille, merci \u00e0 tous !<\/p>\n<\/div><\/div>\n\n\n\n<div class=\"wp-block-media-text alignwide has-media-on-the-right is-stacked-on-mobile\"><div class=\"wp-block-media-text__content\">\n<p class=\"has-normal-font-size\">La matin\u00e9e a \u00e9t\u00e9 rythm\u00e9e par plusieurs interventions sur le th\u00e8me de la joie. Th\u00e8me important en ces temps actuels o\u00f9 notre soci\u00e9t\u00e9 donne des \u00e9l\u00e9ments biens moroses et nos jeunes ne sont pas \u00e9pargn\u00e9s par ces sentiments d&rsquo;inqui\u00e9tude, de peur, de tristesse, &#8230;. Comment la p\u00e9dagogie scoute peut aider nos chefs, cheftaines, guides, scouts, louvettes, louveteaux \u00e0 garder, trouver ou retrouver cette joie simple ?<\/p>\n<\/div><figure class=\"wp-block-media-text__media\"><img decoding=\"async\" width=\"1024\" height=\"768\" src=\"https:\/\/www.scouts-europe.org\/eure-et-loir\/wp-content\/uploads\/sites\/25\/2021\/03\/WhatsApp-Image-2021-03-13-at-20.03.38-1024x768.jpeg\" alt=\"\" class=\"wp-image-1406 size-full\" srcset=\"https:\/\/www.scouts-europe.org\/eure-et-loir\/wp-content\/uploads\/sites\/25\/2021\/03\/WhatsApp-Image-2021-03-13-at-20.03.38-1024x768.jpeg 1024w, https:\/\/www.scouts-europe.org\/eure-et-loir\/wp-content\/uploads\/sites\/25\/2021\/03\/WhatsApp-Image-2021-03-13-at-20.03.38-300x225.jpeg 300w, https:\/\/www.scouts-europe.org\/eure-et-loir\/wp-content\/uploads\/sites\/25\/2021\/03\/WhatsApp-Image-2021-03-13-at-20.03.38-768x576.jpeg 768w, https:\/\/www.scouts-europe.org\/eure-et-loir\/wp-content\/uploads\/sites\/25\/2021\/03\/WhatsApp-Image-2021-03-13-at-20.03.38-1536x1152.jpeg 1536w, https:\/\/www.scouts-europe.org\/eure-et-loir\/wp-content\/uploads\/sites\/25\/2021\/03\/WhatsApp-Image-2021-03-13-at-20.03.38.jpeg 1600w\" sizes=\"(max-width: 1024px) 100vw, 1024px\" \/><\/figure><\/div>\n\n\n\n<figure class=\"wp-block-image aligncenter size-large is-resized\"><img decoding=\"async\" width=\"1024\" height=\"768\" src=\"https:\/\/www.scouts-europe.org\/eure-et-loir\/wp-content\/uploads\/sites\/25\/2021\/03\/IMG_0188-scaled-1-1024x768.jpg\" alt=\"img 0188\" class=\"wp-image-1407\" style=\"width:668px;height:501px\" srcset=\"https:\/\/www.scouts-europe.org\/eure-et-loir\/wp-content\/uploads\/sites\/25\/2021\/03\/IMG_0188-scaled-1-1024x768.jpg 1024w, https:\/\/www.scouts-europe.org\/eure-et-loir\/wp-content\/uploads\/sites\/25\/2021\/03\/IMG_0188-scaled-1-300x225.jpg 300w, https:\/\/www.scouts-europe.org\/eure-et-loir\/wp-content\/uploads\/sites\/25\/2021\/03\/IMG_0188-scaled-1-768x576.jpg 768w, https:\/\/www.scouts-europe.org\/eure-et-loir\/wp-content\/uploads\/sites\/25\/2021\/03\/IMG_0188-scaled-1-1536x1152.jpg 1536w, https:\/\/www.scouts-europe.org\/eure-et-loir\/wp-content\/uploads\/sites\/25\/2021\/03\/IMG_0188-scaled-1-2048x1536.jpg 2048w\" sizes=\"(max-width: 1024px) 100vw, 1024px\" \/><\/figure>\n\n\n\n<div class=\"wp-block-media-text alignwide is-stacked-on-mobile\"><figure class=\"wp-block-media-text__media\"><img loading=\"lazy\" decoding=\"async\" width=\"1024\" height=\"768\" src=\"https:\/\/www.scouts-europe.org\/eure-et-loir\/wp-content\/uploads\/sites\/25\/2021\/03\/IMG_0187-scaled-1-1024x768.jpg\" alt=\"img 0187\" class=\"wp-image-1408 size-full\" srcset=\"https:\/\/www.scouts-europe.org\/eure-et-loir\/wp-content\/uploads\/sites\/25\/2021\/03\/IMG_0187-scaled-1-1024x768.jpg 1024w, https:\/\/www.scouts-europe.org\/eure-et-loir\/wp-content\/uploads\/sites\/25\/2021\/03\/IMG_0187-scaled-1-300x225.jpg 300w, https:\/\/www.scouts-europe.org\/eure-et-loir\/wp-content\/uploads\/sites\/25\/2021\/03\/IMG_0187-scaled-1-768x576.jpg 768w, https:\/\/www.scouts-europe.org\/eure-et-loir\/wp-content\/uploads\/sites\/25\/2021\/03\/IMG_0187-scaled-1-1536x1152.jpg 1536w, https:\/\/www.scouts-europe.org\/eure-et-loir\/wp-content\/uploads\/sites\/25\/2021\/03\/IMG_0187-scaled-1-2048x1536.jpg 2048w\" sizes=\"(max-width: 1024px) 100vw, 1024px\" \/><\/figure><div class=\"wp-block-media-text__content\">\n<p class=\"has-normal-font-size\">Dans l&rsquo;apr\u00e8s-midi, nous avons pu avoir diff\u00e9rents ateliers li\u00e9s \u00e0 notre r\u00f4le de chef de groupe.<\/p>\n\n\n\n<p>Cette journ\u00e9e f\u00fbt bien riche. Les \u00e9changes que nous avons pu avoir ont \u00e9t\u00e9 tr\u00e8s fructueux.<\/p>\n\n\n\n<p>Merci aux organisateurs !<\/p>\n<\/div><\/div>\n\n\n\n<p><\/p>\n","protected":false},"excerpt":{"rendered":"<p>Ce 13 mars 2021, tous les chefs et cheftaines de Groupe de notre Province C\u0153ur de France (sensiblement la r\u00e9gion [&hellip;]<\/p>\n","protected":false},"author":60,"featured_media":1404,"comment_status":"closed","ping_status":"closed","sticky":false,"template":"","format":"standard","meta":{"_seopress_robots_primary_cat":"","_seopress_titles_title":"","_seopress_titles_desc":"","_seopress_robots_index":"","site-sidebar-layout":"default","site-content-layout":"","ast-site-content-layout":"default","site-content-style":"default","site-sidebar-style":"default","ast-global-header-display":"","ast-banner-title-visibility":"","ast-main-header-display":"","ast-hfb-above-header-display":"","ast-hfb-below-header-display":"","ast-hfb-mobile-header-display":"","site-post-title":"","ast-breadcrumbs-content":"","ast-featured-img":"","footer-sml-layout":"","theme-transparent-header-meta":"","adv-header-id-meta":"","stick-header-meta":"","header-above-stick-meta":"","header-main-stick-meta":"","header-below-stick-meta":"","astra-migrate-meta-layouts":"set","ast-page-background-enabled":"default","ast-page-background-meta":{"desktop":{"background-color":"var(--ast-global-color-4)","background-image":"","background-repeat":"repeat","background-position":"center center","background-size":"auto","background-attachment":"scroll","background-type":"","background-media":"","overlay-type":"","overlay-color":"","overlay-opacity":"","overlay-gradient":""},"tablet":{"background-color":"","background-image":"","background-repeat":"repeat","background-position":"center center","background-size":"auto","background-attachment":"scroll","background-type":"","background-media":"","overlay-type":"","overlay-color":"","overlay-opacity":"","overlay-gradient":""},"mobile":{"background-color":"","background-image":"","background-repeat":"repeat","background-position":"center center","background-size":"auto","background-attachment":"scroll","background-type":"","background-media":"","overlay-type":"","overlay-color":"","overlay-opacity":"","overlay-gradient":""}},"ast-content-background-meta":{"desktop":{"background-color":"var(--ast-global-color-5)","background-image":"","background-repeat":"repeat","background-position":"center center","background-size":"auto","background-attachment":"scroll","background-type":"","background-media":"","overlay-type":"","overlay-color":"","overlay-opacity":"","overlay-gradient":""},"tablet":{"background-color":"var(--ast-global-color-5)","background-image":"","background-repeat":"repeat","background-position":"center center","background-size":"auto","background-attachment":"scroll","background-type":"","background-media":"","overlay-type":"","overlay-color":"","overlay-opacity":"","overlay-gradient":""},"mobile":{"background-color":"var(--ast-global-color-5)","background-image":"","background-repeat":"repeat","background-position":"center center","background-size":"auto","background-attachment":"scroll","background-type":"","background-media":"","overlay-type":"","overlay-color":"","overlay-opacity":"","overlay-gradient":""}},"footnotes":""},"categories":[1],"tags":[],"class_list":["post-1401","post","type-post","status-publish","format-standard","has-post-thumbnail","hentry","category-actualite"],"_links":{"self":[{"href":"https:\/\/www.scouts-europe.org\/eure-et-loir\/wp-json\/wp\/v2\/posts\/1401","targetHints":{"allow":["GET"]}}],"collection":[{"href":"https:\/\/www.scouts-europe.org\/eure-et-loir\/wp-json\/wp\/v2\/posts"}],"about":[{"href":"https:\/\/www.scouts-europe.org\/eure-et-loir\/wp-json\/wp\/v2\/types\/post"}],"author":[{"embeddable":true,"href":"https:\/\/www.scouts-europe.org\/eure-et-loir\/wp-json\/wp\/v2\/users\/60"}],"replies":[{"embeddable":true,"href":"https:\/\/www.scouts-europe.org\/eure-et-loir\/wp-json\/wp\/v2\/comments?post=1401"}],"version-history":[{"count":3,"href":"https:\/\/www.scouts-europe.org\/eure-et-loir\/wp-json\/wp\/v2\/posts\/1401\/revisions"}],"predecessor-version":[{"id":2309,"href":"https:\/\/www.scouts-europe.org\/eure-et-loir\/wp-json\/wp\/v2\/posts\/1401\/revisions\/2309"}],"wp:featuredmedia":[{"embeddable":true,"href":"https:\/\/www.scouts-europe.org\/eure-et-loir\/wp-json\/wp\/v2\/media\/1404"}],"wp:attachment":[{"href":"https:\/\/www.scouts-europe.org\/eure-et-loir\/wp-json\/wp\/v2\/media?parent=1401"}],"wp:term":[{"taxonomy":"category","embeddable":true,"href":"https:\/\/www.scouts-europe.org\/eure-et-loir\/wp-json\/wp\/v2\/categories?post=1401"},{"taxonomy":"post_tag","embeddable":true,"href":"https:\/\/www.scouts-europe.org\/eure-et-loir\/wp-json\/wp\/v2\/tags?post=1401"}],"curies":[{"name":"wp","href":"https:\/\/api.w.org\/{rel}","templated":true}]}}