{"id":1441,"date":"2021-05-15T17:56:11","date_gmt":"2021-05-15T15:56:11","guid":{"rendered":"http:\/\/guides-scouts-deurope-eureetloir.fr\/?p=1441"},"modified":"2024-07-29T12:06:43","modified_gmt":"2024-07-29T10:06:43","slug":"la-patrouille-du-faucon-a-la-procure-de-chartres","status":"publish","type":"post","link":"https:\/\/www.scouts-europe.org\/eure-et-loir\/2021\/05\/15\/la-patrouille-du-faucon-a-la-procure-de-chartres\/","title":{"rendered":"La patrouille du Faucon \u00e0 la Procure de Chartres"},"content":{"rendered":"\n<div class=\"wp-block-media-text alignwide is-stacked-on-mobile\"><figure class=\"wp-block-media-text__media\"><img decoding=\"async\" src=\"https:\/\/scontent-cdg2-1.xx.fbcdn.net\/v\/t1.6435-9\/184616705_308396520901869_2346110478980843637_n.jpg?_nc_cat=107&amp;ccb=1-3&amp;_nc_sid=340051&amp;_nc_ohc=rj1mTpTuri4AX-RBimm&amp;_nc_ht=scontent-cdg2-1.xx&amp;oh=fe3e29c5db0a0622567fdb200ea5d4af&amp;oe=60C5AF07\" alt=\"Peut \u00eatre une image de 1 personne, plein air et texte qui dit \u2019ran\u00e7eis VIVIER GLEYS GLETSE A PATROUILLE FAUCON VolalaGrande-Chatreuse samedi 22 mai \u00e0 15h00 D\u00e9dicace PLEIN VENT Jean-Fran\u00e7ois VIVIER Passionn\u00e9 de BD et d'histoire, Jean-Fran\u00e7ois Vivier est le sc\u00e9nariste d'une quinzaine de d'albums, pour la plupart sur fond historique: histoire la basilique de Montmartre, fiction historique intitul\u00e9e Herr Doktor. &quot;Vol \u00e0 la Grande Chartreuse&quot; est son dernier ouvrage.\u2019\" \/><\/figure><div class=\"wp-block-media-text__content\">\n<p style=\"font-size:22px\">Jean-Fran\u00e7ois Vivier, auteur de la Patrouille du Faucon, sera \u00e0 la Procure de Chartres pour d\u00e9dicacer ses albums !<\/p>\n\n\n\n<p><a href=\"https:\/\/www.facebook.com\/events\/152268950184241\/?ref=newsfeed\" target=\"_blank\" rel=\"noreferrer noopener\">https:\/\/www.facebook.com\/events\/152268950184241\/?ref=newsfeed<\/a><\/p>\n<\/div><\/div>\n","protected":false},"excerpt":{"rendered":"<p>Jean-Fran\u00e7ois Vivier, auteur de la Patrouille du Faucon, sera \u00e0 la Procure de Chartres pour d\u00e9dicacer ses albums ! https:\/\/www.facebook.com\/events\/152268950184241\/?ref=newsfeed<\/p>\n","protected":false},"author":60,"featured_media":1446,"comment_status":"closed","ping_status":"closed","sticky":false,"template":"","format":"standard","meta":{"_seopress_robots_primary_cat":"","_seopress_titles_title":"","_seopress_titles_desc":"","_seopress_robots_index":"","site-sidebar-layout":"default","site-content-layout":"","ast-site-content-layout":"default","site-content-style":"default","site-sidebar-style":"default","ast-global-header-display":"","ast-banner-title-visibility":"","ast-main-header-display":"","ast-hfb-above-header-display":"","ast-hfb-below-header-display":"","ast-hfb-mobile-header-display":"","site-post-title":"","ast-breadcrumbs-content":"","ast-featured-img":"","footer-sml-layout":"","theme-transparent-header-meta":"","adv-header-id-meta":"","stick-header-meta":"","header-above-stick-meta":"","header-main-stick-meta":"","header-below-stick-meta":"","astra-migrate-meta-layouts":"default","ast-page-background-enabled":"default","ast-page-background-meta":{"desktop":{"background-color":"var(--ast-global-color-4)","background-image":"","background-repeat":"repeat","background-position":"center center","background-size":"auto","background-attachment":"scroll","background-type":"","background-media":"","overlay-type":"","overlay-color":"","overlay-opacity":"","overlay-gradient":""},"tablet":{"background-color":"","background-image":"","background-repeat":"repeat","background-position":"center center","background-size":"auto","background-attachment":"scroll","background-type":"","background-media":"","overlay-type":"","overlay-color":"","overlay-opacity":"","overlay-gradient":""},"mobile":{"background-color":"","background-image":"","background-repeat":"repeat","background-position":"center center","background-size":"auto","background-attachment":"scroll","background-type":"","background-media":"","overlay-type":"","overlay-color":"","overlay-opacity":"","overlay-gradient":""}},"ast-content-background-meta":{"desktop":{"background-color":"var(--ast-global-color-5)","background-image":"","background-repeat":"repeat","background-position":"center center","background-size":"auto","background-attachment":"scroll","background-type":"","background-media":"","overlay-type":"","overlay-color":"","overlay-opacity":"","overlay-gradient":""},"tablet":{"background-color":"var(--ast-global-color-5)","background-image":"","background-repeat":"repeat","background-position":"center center","background-size":"auto","background-attachment":"scroll","background-type":"","background-media":"","overlay-type":"","overlay-color":"","overlay-opacity":"","overlay-gradient":""},"mobile":{"background-color":"var(--ast-global-color-5)","background-image":"","background-repeat":"repeat","background-position":"center center","background-size":"auto","background-attachment":"scroll","background-type":"","background-media":"","overlay-type":"","overlay-color":"","overlay-opacity":"","overlay-gradient":""}},"footnotes":""},"categories":[1],"tags":[],"class_list":["post-1441","post","type-post","status-publish","format-standard","has-post-thumbnail","hentry","category-actualite"],"_links":{"self":[{"href":"https:\/\/www.scouts-europe.org\/eure-et-loir\/wp-json\/wp\/v2\/posts\/1441","targetHints":{"allow":["GET"]}}],"collection":[{"href":"https:\/\/www.scouts-europe.org\/eure-et-loir\/wp-json\/wp\/v2\/posts"}],"about":[{"href":"https:\/\/www.scouts-europe.org\/eure-et-loir\/wp-json\/wp\/v2\/types\/post"}],"author":[{"embeddable":true,"href":"https:\/\/www.scouts-europe.org\/eure-et-loir\/wp-json\/wp\/v2\/users\/60"}],"replies":[{"embeddable":true,"href":"https:\/\/www.scouts-europe.org\/eure-et-loir\/wp-json\/wp\/v2\/comments?post=1441"}],"version-history":[{"count":1,"href":"https:\/\/www.scouts-europe.org\/eure-et-loir\/wp-json\/wp\/v2\/posts\/1441\/revisions"}],"predecessor-version":[{"id":2069,"href":"https:\/\/www.scouts-europe.org\/eure-et-loir\/wp-json\/wp\/v2\/posts\/1441\/revisions\/2069"}],"wp:featuredmedia":[{"embeddable":true,"href":"https:\/\/www.scouts-europe.org\/eure-et-loir\/wp-json\/wp\/v2\/media\/1446"}],"wp:attachment":[{"href":"https:\/\/www.scouts-europe.org\/eure-et-loir\/wp-json\/wp\/v2\/media?parent=1441"}],"wp:term":[{"taxonomy":"category","embeddable":true,"href":"https:\/\/www.scouts-europe.org\/eure-et-loir\/wp-json\/wp\/v2\/categories?post=1441"},{"taxonomy":"post_tag","embeddable":true,"href":"https:\/\/www.scouts-europe.org\/eure-et-loir\/wp-json\/wp\/v2\/tags?post=1441"}],"curies":[{"name":"wp","href":"https:\/\/api.w.org\/{rel}","templated":true}]}}