{"id":1450,"date":"2021-05-17T16:16:12","date_gmt":"2021-05-17T14:16:12","guid":{"rendered":"http:\/\/guides-scouts-deurope-eureetloir.fr\/?p=1450"},"modified":"2024-07-29T12:06:37","modified_gmt":"2024-07-29T10:06:37","slug":"zoom-sur-la-reprise-des-activites","status":"publish","type":"post","link":"https:\/\/www.scouts-europe.org\/eure-et-loir\/2021\/05\/17\/zoom-sur-la-reprise-des-activites\/","title":{"rendered":"Zoom sur la reprise des activit\u00e9s !"},"content":{"rendered":"\n<p>Le Premier Ministre a pr\u00e9sent\u00e9 lundi 10 mai le calendrier de lev\u00e9e des mesures de restrictions li\u00e9es \u00e0 la situation sanitaire. Le d\u00e9cret confirmant ces informations n&rsquo;est pas encore paru mais voici ce que nous pouvons retenir :\u00a0<\/p>\n\n\n\n<div class=\"wp-block-media-text alignwide is-stacked-on-mobile\" style=\"grid-template-columns:54% auto\"><figure class=\"wp-block-media-text__media\"><img fetchpriority=\"high\" decoding=\"async\" width=\"1024\" height=\"578\" src=\"https:\/\/www.scouts-europe.org\/eure-et-loir\/wp-content\/uploads\/sites\/25\/2020\/08\/Camp-troupes-01-1-1024x578.jpeg\" alt=\"\" class=\"wp-image-773\" srcset=\"https:\/\/www.scouts-europe.org\/eure-et-loir\/wp-content\/uploads\/sites\/25\/2020\/08\/Camp-troupes-01-1-1024x578.jpeg 1024w, https:\/\/www.scouts-europe.org\/eure-et-loir\/wp-content\/uploads\/sites\/25\/2020\/08\/Camp-troupes-01-1-300x169.jpeg 300w, https:\/\/www.scouts-europe.org\/eure-et-loir\/wp-content\/uploads\/sites\/25\/2020\/08\/Camp-troupes-01-1-768x433.jpeg 768w, https:\/\/www.scouts-europe.org\/eure-et-loir\/wp-content\/uploads\/sites\/25\/2020\/08\/Camp-troupes-01-1-1536x867.jpeg 1536w, https:\/\/www.scouts-europe.org\/eure-et-loir\/wp-content\/uploads\/sites\/25\/2020\/08\/Camp-troupes-01-1.jpeg 1600w\" sizes=\"(max-width: 1024px) 100vw, 1024px\" \/><\/figure><div class=\"wp-block-media-text__content\">\n<p>En ce qui concerne les<strong>&nbsp;louvettes, louveteaux, guides et scouts (mineurs)&nbsp;<\/strong>:<br>&#8211; A partir du&nbsp;Mercredi 19 mai&nbsp;:&nbsp; activit\u00e9s scoutes possibles&nbsp;en journ\u00e9e&nbsp;(toujours pas de nuit !).<br>&#8211; A partir du&nbsp;Dimanche 20 juin&nbsp;: activit\u00e9s scoutes avec nuits camp\u00e9es possibles,&nbsp;avec protocole sanitaire adapt\u00e9.<\/p>\n\n\n\n<p>Et en ce qui concerne les<strong>&nbsp;activit\u00e9s d&rsquo;a\u00een\u00e9s&nbsp;(plus de 18 ans) <\/strong>:&nbsp;<br>&#8211; les activit\u00e9s sont d\u00e9j\u00e0 possibles selon des r\u00e8gles appropri\u00e9es<\/p>\n<\/div><\/div>\n\n\n\n<p>Nous esp\u00e9rons pouvoir rapidement obtenir le d\u00e9cret et ses pr\u00e9cisions qui confirmera ces bonnes nouvelles, que nous attendons\u00a0tous avec impatience !<\/p>\n\n\n\n<p><strong>Les chefs et cheftaines d&rsquo;unit\u00e9s vont vous communiquer leurs programmes d&rsquo;activit\u00e9s tr\u00e8s rapidement.<\/strong><\/p>\n\n\n\n<div class=\"wp-block-media-text alignwide has-media-on-the-right is-stacked-on-mobile\" style=\"grid-template-columns:auto 49%\"><figure class=\"wp-block-media-text__media\"><img decoding=\"async\" width=\"527\" height=\"834\" src=\"https:\/\/www.scouts-europe.org\/eure-et-loir\/wp-content\/uploads\/sites\/25\/2021\/05\/Priere-St-Joseph-2021.jpg\" alt=\"\" class=\"wp-image-1459\" srcset=\"https:\/\/www.scouts-europe.org\/eure-et-loir\/wp-content\/uploads\/sites\/25\/2021\/05\/Priere-St-Joseph-2021.jpg 527w, https:\/\/www.scouts-europe.org\/eure-et-loir\/wp-content\/uploads\/sites\/25\/2021\/05\/Priere-St-Joseph-2021-190x300.jpg 190w\" sizes=\"(max-width: 527px) 100vw, 527px\" \/><\/figure><div class=\"wp-block-media-text__content\">\n<p>Les camps s&rsquo;organisent et, \u00e0 ce jour, nous sommes tout \u00e0 fait confiant sur le fait qu&rsquo;ils auront bien lieu.<\/p>\n\n\n\n<p>N\u00e9anmoins, une cha\u00eene de pri\u00e8re est lanc\u00e9e par le Centre National Scout, jusqu&rsquo;\u00e0 cet \u00e9t\u00e9, pour demander \u00e0 St Joseph de nous aider dans nos difficult\u00e9s actuelles.<\/p>\n\n\n\n<p>Nous pouvons aussi, \u00e9videmment, porter dans nos pri\u00e8res toutes nos familles.<\/p>\n<\/div><\/div>\n\n\n\n<p>Nous vous souhaitons une belle et sainte pr\u00e9paration \u00e0 la F\u00eate de Pentec\u00f4te.<\/p>\n","protected":false},"excerpt":{"rendered":"<p>Le Premier Ministre a pr\u00e9sent\u00e9 lundi 10 mai le calendrier de lev\u00e9e des mesures de restrictions li\u00e9es \u00e0 la situation [&hellip;]<\/p>\n","protected":false},"author":60,"featured_media":1451,"comment_status":"closed","ping_status":"closed","sticky":false,"template":"","format":"standard","meta":{"_seopress_robots_primary_cat":"","_seopress_titles_title":"","_seopress_titles_desc":"","_seopress_robots_index":"","site-sidebar-layout":"default","site-content-layout":"","ast-site-content-layout":"default","site-content-style":"default","site-sidebar-style":"default","ast-global-header-display":"","ast-banner-title-visibility":"","ast-main-header-display":"","ast-hfb-above-header-display":"","ast-hfb-below-header-display":"","ast-hfb-mobile-header-display":"","site-post-title":"","ast-breadcrumbs-content":"","ast-featured-img":"","footer-sml-layout":"","theme-transparent-header-meta":"","adv-header-id-meta":"","stick-header-meta":"","header-above-stick-meta":"","header-main-stick-meta":"","header-below-stick-meta":"","astra-migrate-meta-layouts":"default","ast-page-background-enabled":"default","ast-page-background-meta":{"desktop":{"background-color":"var(--ast-global-color-4)","background-image":"","background-repeat":"repeat","background-position":"center center","background-size":"auto","background-attachment":"scroll","background-type":"","background-media":"","overlay-type":"","overlay-color":"","overlay-opacity":"","overlay-gradient":""},"tablet":{"background-color":"","background-image":"","background-repeat":"repeat","background-position":"center center","background-size":"auto","background-attachment":"scroll","background-type":"","background-media":"","overlay-type":"","overlay-color":"","overlay-opacity":"","overlay-gradient":""},"mobile":{"background-color":"","background-image":"","background-repeat":"repeat","background-position":"center center","background-size":"auto","background-attachment":"scroll","background-type":"","background-media":"","overlay-type":"","overlay-color":"","overlay-opacity":"","overlay-gradient":""}},"ast-content-background-meta":{"desktop":{"background-color":"var(--ast-global-color-5)","background-image":"","background-repeat":"repeat","background-position":"center center","background-size":"auto","background-attachment":"scroll","background-type":"","background-media":"","overlay-type":"","overlay-color":"","overlay-opacity":"","overlay-gradient":""},"tablet":{"background-color":"var(--ast-global-color-5)","background-image":"","background-repeat":"repeat","background-position":"center center","background-size":"auto","background-attachment":"scroll","background-type":"","background-media":"","overlay-type":"","overlay-color":"","overlay-opacity":"","overlay-gradient":""},"mobile":{"background-color":"var(--ast-global-color-5)","background-image":"","background-repeat":"repeat","background-position":"center center","background-size":"auto","background-attachment":"scroll","background-type":"","background-media":"","overlay-type":"","overlay-color":"","overlay-opacity":"","overlay-gradient":""}},"footnotes":""},"categories":[1],"tags":[46,31,55,33,36,47,48],"class_list":["post-1450","post","type-post","status-publish","format-standard","has-post-thumbnail","hentry","category-actualite","tag-activites-scoutes-a-chartres","tag-guide","tag-guides-de-chartres","tag-scout","tag-scout-deurope-a-chartres","tag-scout-et-covid","tag-scoutisme-a-chartres"],"_links":{"self":[{"href":"https:\/\/www.scouts-europe.org\/eure-et-loir\/wp-json\/wp\/v2\/posts\/1450","targetHints":{"allow":["GET"]}}],"collection":[{"href":"https:\/\/www.scouts-europe.org\/eure-et-loir\/wp-json\/wp\/v2\/posts"}],"about":[{"href":"https:\/\/www.scouts-europe.org\/eure-et-loir\/wp-json\/wp\/v2\/types\/post"}],"author":[{"embeddable":true,"href":"https:\/\/www.scouts-europe.org\/eure-et-loir\/wp-json\/wp\/v2\/users\/60"}],"replies":[{"embeddable":true,"href":"https:\/\/www.scouts-europe.org\/eure-et-loir\/wp-json\/wp\/v2\/comments?post=1450"}],"version-history":[{"count":1,"href":"https:\/\/www.scouts-europe.org\/eure-et-loir\/wp-json\/wp\/v2\/posts\/1450\/revisions"}],"predecessor-version":[{"id":2068,"href":"https:\/\/www.scouts-europe.org\/eure-et-loir\/wp-json\/wp\/v2\/posts\/1450\/revisions\/2068"}],"wp:featuredmedia":[{"embeddable":true,"href":"https:\/\/www.scouts-europe.org\/eure-et-loir\/wp-json\/wp\/v2\/media\/1451"}],"wp:attachment":[{"href":"https:\/\/www.scouts-europe.org\/eure-et-loir\/wp-json\/wp\/v2\/media?parent=1450"}],"wp:term":[{"taxonomy":"category","embeddable":true,"href":"https:\/\/www.scouts-europe.org\/eure-et-loir\/wp-json\/wp\/v2\/categories?post=1450"},{"taxonomy":"post_tag","embeddable":true,"href":"https:\/\/www.scouts-europe.org\/eure-et-loir\/wp-json\/wp\/v2\/tags?post=1450"}],"curies":[{"name":"wp","href":"https:\/\/api.w.org\/{rel}","templated":true}]}}