{"id":1509,"date":"2021-09-02T17:09:52","date_gmt":"2021-09-02T15:09:52","guid":{"rendered":"http:\/\/guides-scouts-deurope-eureetloir.fr\/?p=1509"},"modified":"2024-07-29T12:05:32","modified_gmt":"2024-07-29T10:05:32","slug":"rentree-2021-du-district","status":"publish","type":"post","link":"https:\/\/www.scouts-europe.org\/eure-et-loir\/2021\/09\/02\/rentree-2021-du-district\/","title":{"rendered":"RENTR\u00c9E 2021 DU DISTRICT"},"content":{"rendered":"\n<p><strong>Le conseil du district scout d&rsquo;Europe d&rsquo;Eure-et-Loir annonce que la rentr\u00e9e du mouvement aura lieu le 11 septembre 2021<\/strong><\/p>\n\n\n\n<figure class=\"wp-block-image size-large\"><img fetchpriority=\"high\" decoding=\"async\" width=\"1024\" height=\"724\" src=\"https:\/\/www.scouts-europe.org\/eure-et-loir\/wp-content\/uploads\/sites\/25\/2021\/09\/invitation-fse-2021-1024x724.png\" alt=\"\" class=\"wp-image-1510\" srcset=\"https:\/\/www.scouts-europe.org\/eure-et-loir\/wp-content\/uploads\/sites\/25\/2021\/09\/invitation-fse-2021-1024x724.png 1024w, https:\/\/www.scouts-europe.org\/eure-et-loir\/wp-content\/uploads\/sites\/25\/2021\/09\/invitation-fse-2021-300x212.png 300w, https:\/\/www.scouts-europe.org\/eure-et-loir\/wp-content\/uploads\/sites\/25\/2021\/09\/invitation-fse-2021-768x543.png 768w, https:\/\/www.scouts-europe.org\/eure-et-loir\/wp-content\/uploads\/sites\/25\/2021\/09\/invitation-fse-2021-1536x1086.png 1536w, https:\/\/www.scouts-europe.org\/eure-et-loir\/wp-content\/uploads\/sites\/25\/2021\/09\/invitation-fse-2021-2048x1448.png 2048w\" sizes=\"(max-width: 1024px) 100vw, 1024px\" \/><figcaption>PROGRAMME DE LA RENTR\u00c9E<\/figcaption><\/figure>\n\n\n\n<p>Les unit\u00e9s se r\u00e9uniront le 11 septembre 2021 \u00e0 9h15 \u00e0 la maison dioc\u00e9saine de la Visitation (22 avenue d&rsquo;Aligre 28000 CHARTRES). Les parents, familles et amis sont \u00e9galement convi\u00e9s lors de cette journ\u00e9e.<\/p>\n\n\n\n<p>La journ\u00e9e commencera par une messe, puis sera suivie d&rsquo;un rassemblement lors duquel s&rsquo;effectueront tous les changements : nouveaux chefs et cheftaines, mont\u00e9es des nouveaux&#8230;etc)<\/p>\n\n\n\n<p>Par la suite, le district invite tous les guides et scouts ainsi que les parents et amis \u00e0 se joindre \u00e0 un ap\u00e9ritif offert et un barbecue-repas partag\u00e9 (chaque famille apporte viande et salade pour toute sa famille).<\/p>\n\n\n\n<p>L&rsquo;apr\u00e8s-midi sera rythm\u00e9e par l&rsquo;ouverture d&rsquo;un stand carrick, les inscriptions, la diffusion des films des camps.<\/p>\n\n\n\n<p>La journ\u00e9e s&rsquo;ach\u00e8vera par un rassemblement final et le d\u00e9part en activit\u00e9s des unit\u00e9s concern\u00e9es.<\/p>\n","protected":false},"excerpt":{"rendered":"<p>Le conseil du district scout d&rsquo;Europe d&rsquo;Eure-et-Loir annonce que la rentr\u00e9e du mouvement aura lieu le 11 septembre 2021<\/p>\n","protected":false},"author":4,"featured_media":1510,"comment_status":"closed","ping_status":"closed","sticky":false,"template":"","format":"standard","meta":{"_seopress_robots_primary_cat":"","_seopress_titles_title":"","_seopress_titles_desc":"","_seopress_robots_index":"","site-sidebar-layout":"default","site-content-layout":"","ast-site-content-layout":"default","site-content-style":"default","site-sidebar-style":"default","ast-global-header-display":"","ast-banner-title-visibility":"","ast-main-header-display":"","ast-hfb-above-header-display":"","ast-hfb-below-header-display":"","ast-hfb-mobile-header-display":"","site-post-title":"","ast-breadcrumbs-content":"","ast-featured-img":"","footer-sml-layout":"","theme-transparent-header-meta":"","adv-header-id-meta":"","stick-header-meta":"","header-above-stick-meta":"","header-main-stick-meta":"","header-below-stick-meta":"","astra-migrate-meta-layouts":"default","ast-page-background-enabled":"default","ast-page-background-meta":{"desktop":{"background-color":"var(--ast-global-color-4)","background-image":"","background-repeat":"repeat","background-position":"center center","background-size":"auto","background-attachment":"scroll","background-type":"","background-media":"","overlay-type":"","overlay-color":"","overlay-opacity":"","overlay-gradient":""},"tablet":{"background-color":"","background-image":"","background-repeat":"repeat","background-position":"center center","background-size":"auto","background-attachment":"scroll","background-type":"","background-media":"","overlay-type":"","overlay-color":"","overlay-opacity":"","overlay-gradient":""},"mobile":{"background-color":"","background-image":"","background-repeat":"repeat","background-position":"center center","background-size":"auto","background-attachment":"scroll","background-type":"","background-media":"","overlay-type":"","overlay-color":"","overlay-opacity":"","overlay-gradient":""}},"ast-content-background-meta":{"desktop":{"background-color":"var(--ast-global-color-5)","background-image":"","background-repeat":"repeat","background-position":"center center","background-size":"auto","background-attachment":"scroll","background-type":"","background-media":"","overlay-type":"","overlay-color":"","overlay-opacity":"","overlay-gradient":""},"tablet":{"background-color":"var(--ast-global-color-5)","background-image":"","background-repeat":"repeat","background-position":"center center","background-size":"auto","background-attachment":"scroll","background-type":"","background-media":"","overlay-type":"","overlay-color":"","overlay-opacity":"","overlay-gradient":""},"mobile":{"background-color":"var(--ast-global-color-5)","background-image":"","background-repeat":"repeat","background-position":"center center","background-size":"auto","background-attachment":"scroll","background-type":"","background-media":"","overlay-type":"","overlay-color":"","overlay-opacity":"","overlay-gradient":""}},"footnotes":""},"categories":[1],"tags":[14,76,36],"class_list":["post-1509","post","type-post","status-publish","format-standard","has-post-thumbnail","hentry","category-actualite","tag-eure-et-loir","tag-rentree-scoute","tag-scout-deurope-a-chartres"],"_links":{"self":[{"href":"https:\/\/www.scouts-europe.org\/eure-et-loir\/wp-json\/wp\/v2\/posts\/1509","targetHints":{"allow":["GET"]}}],"collection":[{"href":"https:\/\/www.scouts-europe.org\/eure-et-loir\/wp-json\/wp\/v2\/posts"}],"about":[{"href":"https:\/\/www.scouts-europe.org\/eure-et-loir\/wp-json\/wp\/v2\/types\/post"}],"author":[{"embeddable":true,"href":"https:\/\/www.scouts-europe.org\/eure-et-loir\/wp-json\/wp\/v2\/users\/4"}],"replies":[{"embeddable":true,"href":"https:\/\/www.scouts-europe.org\/eure-et-loir\/wp-json\/wp\/v2\/comments?post=1509"}],"version-history":[{"count":1,"href":"https:\/\/www.scouts-europe.org\/eure-et-loir\/wp-json\/wp\/v2\/posts\/1509\/revisions"}],"predecessor-version":[{"id":2061,"href":"https:\/\/www.scouts-europe.org\/eure-et-loir\/wp-json\/wp\/v2\/posts\/1509\/revisions\/2061"}],"wp:featuredmedia":[{"embeddable":true,"href":"https:\/\/www.scouts-europe.org\/eure-et-loir\/wp-json\/wp\/v2\/media\/1510"}],"wp:attachment":[{"href":"https:\/\/www.scouts-europe.org\/eure-et-loir\/wp-json\/wp\/v2\/media?parent=1509"}],"wp:term":[{"taxonomy":"category","embeddable":true,"href":"https:\/\/www.scouts-europe.org\/eure-et-loir\/wp-json\/wp\/v2\/categories?post=1509"},{"taxonomy":"post_tag","embeddable":true,"href":"https:\/\/www.scouts-europe.org\/eure-et-loir\/wp-json\/wp\/v2\/tags?post=1509"}],"curies":[{"name":"wp","href":"https:\/\/api.w.org\/{rel}","templated":true}]}}