{"id":1599,"date":"2021-10-18T21:35:13","date_gmt":"2021-10-18T19:35:13","guid":{"rendered":"http:\/\/guides-scouts-deurope-eureetloir.fr\/?p=1599"},"modified":"2024-07-29T12:04:31","modified_gmt":"2024-07-29T10:04:31","slug":"pelerinage-de-toussaint-des-routiers","status":"publish","type":"post","link":"https:\/\/www.scouts-europe.org\/eure-et-loir\/2021\/10\/18\/pelerinage-de-toussaint-des-routiers\/","title":{"rendered":"P\u00e8lerinage de Toussaint des Routiers"},"content":{"rendered":"\n<p>Cette ann\u00e9e encore, impossible de faire notre p\u00e8lerinage traditionnel vers V\u00e9zelay. Nous avons donc d\u00e9cid\u00e9 de marcher sur les pas de Saint Martin, avec le District de Touraine.<\/p>\n\n\n\n<div class=\"wp-block-media-text alignwide is-stacked-on-mobile\" style=\"grid-template-columns:52% auto\"><figure class=\"wp-block-media-text__media\"><img fetchpriority=\"high\" decoding=\"async\" width=\"732\" height=\"486\" src=\"https:\/\/www.scouts-europe.org\/eure-et-loir\/wp-content\/uploads\/sites\/25\/2021\/10\/Collegiale-Candes-St-Martin.jpg\" alt=\"\" class=\"wp-image-1601 size-full\" srcset=\"https:\/\/www.scouts-europe.org\/eure-et-loir\/wp-content\/uploads\/sites\/25\/2021\/10\/Collegiale-Candes-St-Martin.jpg 732w, https:\/\/www.scouts-europe.org\/eure-et-loir\/wp-content\/uploads\/sites\/25\/2021\/10\/Collegiale-Candes-St-Martin-300x199.jpg 300w\" sizes=\"(max-width: 732px) 100vw, 732px\" \/><\/figure><div class=\"wp-block-media-text__content\">\n<p class=\"has-text-align-left\">Nous partirons de la Basilique St Martin de Tours le vendredi 29 octobre 2021 pour finir \u00e0 Candes-Saint-Martin, lieu de la mort de St Martin, le lundi 1er novembre 2021 en ayant eu, la veille au soir, notre merveilleuse Veill\u00e9e d&rsquo;adoration \u00e0 la Coll\u00e9giale de Candes-Saint-Martin.<\/p>\n\n\n\n<p class=\"has-vivid-red-color has-text-color has-medium-font-size\"><strong>Routiers, anciens Routiers, Chefs, anciens Chefs, RS, nous vous invitons fraternellement \u00e0 participer \u00e0 ce p\u00e8lerinage<\/strong>.<\/p>\n\n\n\n<p class=\"has-vivid-cyan-blue-color has-text-color has-medium-font-size\"><strong>Ch\u00e8res Familles, nous vous invitons \u00e0 nous rejoindre le lundi 1er novembre pour la messe de la Toussaint \u00e0 9h00 \u00e0 la Coll\u00e9giale de Candes-Saint-Martin.<\/strong><\/p>\n<\/div><\/div>\n\n\n\n<p class=\"has-text-align-center\">Retrouvez toutes les informations dans les invitations ci-dessous.<\/p>\n\n\n\n<div class=\"wp-block-file aligncenter\"><a href=\"https:\/\/www.scouts-europe.org\/eure-et-loir\/wp-content\/uploads\/sites\/25\/2021\/10\/Invitation-Chartres-2.pdf\" target=\"_blank\" rel=\"noreferrer noopener\">VSM 2021 &#8211; programme complet et informations d&rsquo;inscription<\/a><a href=\"https:\/\/www.scouts-europe.org\/eure-et-loir\/wp-content\/uploads\/sites\/25\/2021\/10\/Invitation-Chartres-2.pdf\" class=\"wp-block-file__button\" download>T\u00e9l\u00e9charger<\/a><\/div>\n\n\n\n<div class=\"wp-block-file aligncenter\"><a href=\"https:\/\/www.scouts-europe.org\/eure-et-loir\/wp-content\/uploads\/sites\/25\/2021\/10\/INVITATION-COM-RS-et-Anciens-Chefs.pdf\" target=\"_blank\" rel=\"noreferrer noopener\">VSM 2021 &#8211; invitation pour les RS et anciens Chefs<\/a><a href=\"https:\/\/www.scouts-europe.org\/eure-et-loir\/wp-content\/uploads\/sites\/25\/2021\/10\/INVITATION-COM-RS-et-Anciens-Chefs.pdf\" class=\"wp-block-file__button\" download>T\u00e9l\u00e9charger<\/a><\/div>\n\n\n\n<div class=\"wp-block-file aligncenter\"><a href=\"https:\/\/www.scouts-europe.org\/eure-et-loir\/wp-content\/uploads\/sites\/25\/2021\/10\/INVITATION-COM-Familles.pdf\" target=\"_blank\" rel=\"noreferrer noopener\">VSM 2021 &#8211; Invitations pour les familles et amis<\/a><a href=\"https:\/\/www.scouts-europe.org\/eure-et-loir\/wp-content\/uploads\/sites\/25\/2021\/10\/INVITATION-COM-Familles.pdf\" class=\"wp-block-file__button\" download>T\u00e9l\u00e9charger<\/a><\/div>\n\n\n\n<p class=\"wp-block-pdfemb-pdf-embedder-viewer\"><\/p>\n\n\n\n<p><\/p>\n","protected":false},"excerpt":{"rendered":"<p>Cette ann\u00e9e encore, impossible de faire notre p\u00e8lerinage traditionnel vers V\u00e9zelay. Nous avons donc d\u00e9cid\u00e9 de marcher sur les pas [&hellip;]<\/p>\n","protected":false},"author":60,"featured_media":1606,"comment_status":"closed","ping_status":"closed","sticky":false,"template":"","format":"standard","meta":{"_seopress_robots_primary_cat":"","_seopress_titles_title":"","_seopress_titles_desc":"","_seopress_robots_index":"","site-sidebar-layout":"default","site-content-layout":"","ast-site-content-layout":"default","site-content-style":"default","site-sidebar-style":"default","ast-global-header-display":"","ast-banner-title-visibility":"","ast-main-header-display":"","ast-hfb-above-header-display":"","ast-hfb-below-header-display":"","ast-hfb-mobile-header-display":"","site-post-title":"","ast-breadcrumbs-content":"","ast-featured-img":"","footer-sml-layout":"","theme-transparent-header-meta":"","adv-header-id-meta":"","stick-header-meta":"","header-above-stick-meta":"","header-main-stick-meta":"","header-below-stick-meta":"","astra-migrate-meta-layouts":"default","ast-page-background-enabled":"default","ast-page-background-meta":{"desktop":{"background-color":"var(--ast-global-color-4)","background-image":"","background-repeat":"repeat","background-position":"center center","background-size":"auto","background-attachment":"scroll","background-type":"","background-media":"","overlay-type":"","overlay-color":"","overlay-opacity":"","overlay-gradient":""},"tablet":{"background-color":"","background-image":"","background-repeat":"repeat","background-position":"center center","background-size":"auto","background-attachment":"scroll","background-type":"","background-media":"","overlay-type":"","overlay-color":"","overlay-opacity":"","overlay-gradient":""},"mobile":{"background-color":"","background-image":"","background-repeat":"repeat","background-position":"center center","background-size":"auto","background-attachment":"scroll","background-type":"","background-media":"","overlay-type":"","overlay-color":"","overlay-opacity":"","overlay-gradient":""}},"ast-content-background-meta":{"desktop":{"background-color":"var(--ast-global-color-5)","background-image":"","background-repeat":"repeat","background-position":"center center","background-size":"auto","background-attachment":"scroll","background-type":"","background-media":"","overlay-type":"","overlay-color":"","overlay-opacity":"","overlay-gradient":""},"tablet":{"background-color":"var(--ast-global-color-5)","background-image":"","background-repeat":"repeat","background-position":"center center","background-size":"auto","background-attachment":"scroll","background-type":"","background-media":"","overlay-type":"","overlay-color":"","overlay-opacity":"","overlay-gradient":""},"mobile":{"background-color":"var(--ast-global-color-5)","background-image":"","background-repeat":"repeat","background-position":"center center","background-size":"auto","background-attachment":"scroll","background-type":"","background-media":"","overlay-type":"","overlay-color":"","overlay-opacity":"","overlay-gradient":""}},"footnotes":""},"categories":[1],"tags":[80,36,48,81,82,83],"class_list":["post-1599","post","type-post","status-publish","format-standard","has-post-thumbnail","hentry","category-actualite","tag-pelerinage-des-routiers-de-chartres","tag-scout-deurope-a-chartres","tag-scoutisme-a-chartres","tag-toussaint-2021","tag-via-sancti-martini-2021","tag-vsm-2021"],"_links":{"self":[{"href":"https:\/\/www.scouts-europe.org\/eure-et-loir\/wp-json\/wp\/v2\/posts\/1599","targetHints":{"allow":["GET"]}}],"collection":[{"href":"https:\/\/www.scouts-europe.org\/eure-et-loir\/wp-json\/wp\/v2\/posts"}],"about":[{"href":"https:\/\/www.scouts-europe.org\/eure-et-loir\/wp-json\/wp\/v2\/types\/post"}],"author":[{"embeddable":true,"href":"https:\/\/www.scouts-europe.org\/eure-et-loir\/wp-json\/wp\/v2\/users\/60"}],"replies":[{"embeddable":true,"href":"https:\/\/www.scouts-europe.org\/eure-et-loir\/wp-json\/wp\/v2\/comments?post=1599"}],"version-history":[{"count":1,"href":"https:\/\/www.scouts-europe.org\/eure-et-loir\/wp-json\/wp\/v2\/posts\/1599\/revisions"}],"predecessor-version":[{"id":2056,"href":"https:\/\/www.scouts-europe.org\/eure-et-loir\/wp-json\/wp\/v2\/posts\/1599\/revisions\/2056"}],"wp:featuredmedia":[{"embeddable":true,"href":"https:\/\/www.scouts-europe.org\/eure-et-loir\/wp-json\/wp\/v2\/media\/1606"}],"wp:attachment":[{"href":"https:\/\/www.scouts-europe.org\/eure-et-loir\/wp-json\/wp\/v2\/media?parent=1599"}],"wp:term":[{"taxonomy":"category","embeddable":true,"href":"https:\/\/www.scouts-europe.org\/eure-et-loir\/wp-json\/wp\/v2\/categories?post=1599"},{"taxonomy":"post_tag","embeddable":true,"href":"https:\/\/www.scouts-europe.org\/eure-et-loir\/wp-json\/wp\/v2\/tags?post=1599"}],"curies":[{"name":"wp","href":"https:\/\/api.w.org\/{rel}","templated":true}]}}