{"id":1800,"date":"2022-03-12T17:57:52","date_gmt":"2022-03-12T16:57:52","guid":{"rendered":"http:\/\/guides-scouts-deurope-eureetloir.fr\/?p=1800"},"modified":"2024-08-28T16:46:06","modified_gmt":"2024-08-28T14:46:06","slug":"2-et-3-juillet-venez-feter-les-50-ans-de-la-1ere-chartres","status":"publish","type":"post","link":"https:\/\/www.scouts-europe.org\/eure-et-loir\/2022\/03\/12\/2-et-3-juillet-venez-feter-les-50-ans-de-la-1ere-chartres\/","title":{"rendered":"2 et 3 juillet : venez f\u00eater les 50 ans de la 1\u00e8re Chartres"},"content":{"rendered":"\t\t<div data-elementor-type=\"wp-post\" data-elementor-id=\"1800\" class=\"elementor elementor-1800\">\n\t\t\t\t\t\t<section class=\"elementor-section elementor-top-section elementor-element elementor-element-6977df0f elementor-section-boxed elementor-section-height-default elementor-section-height-default\" data-id=\"6977df0f\" data-element_type=\"section\" data-e-type=\"section\">\n\t\t\t\t\t\t<div class=\"elementor-container elementor-column-gap-default\">\n\t\t\t\t\t<div class=\"elementor-column elementor-col-100 elementor-top-column elementor-element elementor-element-5b9ab662\" data-id=\"5b9ab662\" data-element_type=\"column\" data-e-type=\"column\">\n\t\t\t<div class=\"elementor-widget-wrap elementor-element-populated\">\n\t\t\t\t\t\t<div class=\"elementor-element elementor-element-230242e1 elementor-widget elementor-widget-text-editor\" data-id=\"230242e1\" data-element_type=\"widget\" data-e-type=\"widget\" data-widget_type=\"text-editor.default\">\n\t\t\t\t<div class=\"elementor-widget-container\">\n\t\t\t\t\t\t\t\t\t\n<p><strong>Veuillez noter d\u00e8s maintenant \u201cla F\u00eate de District des 50 ans du groupe 1\u00e8re Chartres\u201d les 2 et 3 juillet : nous vous invitons tous, parents, enfants, amis, anciens, \u2026 pour un WE rempli d\u2019activit\u00e9s interg\u00e9n\u00e9rationnelles ! <\/strong><\/p>\n\n\n\n<p>Programme \u00e0 venir !<\/p>\n\t\t\t\t\t\t\t\t<\/div>\n\t\t\t\t<\/div>\n\t\t\t\t\t<\/div>\n\t\t<\/div>\n\t\t\t\t\t<\/div>\n\t\t<\/section>\n\t\t\t\t<\/div>\n\t\t","protected":false},"excerpt":{"rendered":"<p>Veuillez noter d\u00e8s maintenant \u201cla F\u00eate de District des 50 ans du groupe 1\u00e8re Chartres\u201d les 2 et 3 juillet [&hellip;]<\/p>\n","protected":false},"author":60,"featured_media":1819,"comment_status":"closed","ping_status":"closed","sticky":false,"template":"","format":"standard","meta":{"_seopress_robots_primary_cat":"","_seopress_titles_title":"","_seopress_titles_desc":"","_seopress_robots_index":"","site-sidebar-layout":"default","site-content-layout":"","ast-site-content-layout":"default","site-content-style":"default","site-sidebar-style":"default","ast-global-header-display":"","ast-banner-title-visibility":"","ast-main-header-display":"","ast-hfb-above-header-display":"","ast-hfb-below-header-display":"","ast-hfb-mobile-header-display":"","site-post-title":"","ast-breadcrumbs-content":"","ast-featured-img":"","footer-sml-layout":"","theme-transparent-header-meta":"","adv-header-id-meta":"","stick-header-meta":"","header-above-stick-meta":"","header-main-stick-meta":"","header-below-stick-meta":"","astra-migrate-meta-layouts":"default","ast-page-background-enabled":"default","ast-page-background-meta":{"desktop":{"background-color":"var(--ast-global-color-4)","background-image":"","background-repeat":"repeat","background-position":"center center","background-size":"auto","background-attachment":"scroll","background-type":"","background-media":"","overlay-type":"","overlay-color":"","overlay-opacity":"","overlay-gradient":""},"tablet":{"background-color":"","background-image":"","background-repeat":"repeat","background-position":"center center","background-size":"auto","background-attachment":"scroll","background-type":"","background-media":"","overlay-type":"","overlay-color":"","overlay-opacity":"","overlay-gradient":""},"mobile":{"background-color":"","background-image":"","background-repeat":"repeat","background-position":"center center","background-size":"auto","background-attachment":"scroll","background-type":"","background-media":"","overlay-type":"","overlay-color":"","overlay-opacity":"","overlay-gradient":""}},"ast-content-background-meta":{"desktop":{"background-color":"var(--ast-global-color-5)","background-image":"","background-repeat":"repeat","background-position":"center center","background-size":"auto","background-attachment":"scroll","background-type":"","background-media":"","overlay-type":"","overlay-color":"","overlay-opacity":"","overlay-gradient":""},"tablet":{"background-color":"var(--ast-global-color-5)","background-image":"","background-repeat":"repeat","background-position":"center center","background-size":"auto","background-attachment":"scroll","background-type":"","background-media":"","overlay-type":"","overlay-color":"","overlay-opacity":"","overlay-gradient":""},"mobile":{"background-color":"var(--ast-global-color-5)","background-image":"","background-repeat":"repeat","background-position":"center center","background-size":"auto","background-attachment":"scroll","background-type":"","background-media":"","overlay-type":"","overlay-color":"","overlay-opacity":"","overlay-gradient":""}},"footnotes":""},"categories":[1],"tags":[88,89,14,90,36,22,48],"class_list":["post-1800","post","type-post","status-publish","format-standard","has-post-thumbnail","hentry","category-actualite","tag-50-ans","tag-50-ans-des-scouts-de-chartres","tag-eure-et-loir","tag-fete-de-district","tag-scout-deurope-a-chartres","tag-scoutisme","tag-scoutisme-a-chartres"],"_links":{"self":[{"href":"https:\/\/www.scouts-europe.org\/eure-et-loir\/wp-json\/wp\/v2\/posts\/1800","targetHints":{"allow":["GET"]}}],"collection":[{"href":"https:\/\/www.scouts-europe.org\/eure-et-loir\/wp-json\/wp\/v2\/posts"}],"about":[{"href":"https:\/\/www.scouts-europe.org\/eure-et-loir\/wp-json\/wp\/v2\/types\/post"}],"author":[{"embeddable":true,"href":"https:\/\/www.scouts-europe.org\/eure-et-loir\/wp-json\/wp\/v2\/users\/60"}],"replies":[{"embeddable":true,"href":"https:\/\/www.scouts-europe.org\/eure-et-loir\/wp-json\/wp\/v2\/comments?post=1800"}],"version-history":[{"count":4,"href":"https:\/\/www.scouts-europe.org\/eure-et-loir\/wp-json\/wp\/v2\/posts\/1800\/revisions"}],"predecessor-version":[{"id":2291,"href":"https:\/\/www.scouts-europe.org\/eure-et-loir\/wp-json\/wp\/v2\/posts\/1800\/revisions\/2291"}],"wp:featuredmedia":[{"embeddable":true,"href":"https:\/\/www.scouts-europe.org\/eure-et-loir\/wp-json\/wp\/v2\/media\/1819"}],"wp:attachment":[{"href":"https:\/\/www.scouts-europe.org\/eure-et-loir\/wp-json\/wp\/v2\/media?parent=1800"}],"wp:term":[{"taxonomy":"category","embeddable":true,"href":"https:\/\/www.scouts-europe.org\/eure-et-loir\/wp-json\/wp\/v2\/categories?post=1800"},{"taxonomy":"post_tag","embeddable":true,"href":"https:\/\/www.scouts-europe.org\/eure-et-loir\/wp-json\/wp\/v2\/tags?post=1800"}],"curies":[{"name":"wp","href":"https:\/\/api.w.org\/{rel}","templated":true}]}}