{"id":1955,"date":"2023-05-13T15:42:13","date_gmt":"2023-05-13T13:42:13","guid":{"rendered":"http:\/\/guides-scouts-deurope-eureetloir.fr\/?p=1955"},"modified":"2024-08-28T16:16:25","modified_gmt":"2024-08-28T14:16:25","slug":"jn-2023-nous-y-etions","status":"publish","type":"post","link":"https:\/\/www.scouts-europe.org\/eure-et-loir\/2023\/05\/13\/jn-2023-nous-y-etions\/","title":{"rendered":"JN 2023 : NOUS Y \u00c9TIONS !"},"content":{"rendered":"\t\t<div data-elementor-type=\"wp-post\" data-elementor-id=\"1955\" class=\"elementor elementor-1955\">\n\t\t\t\t\t\t<section class=\"elementor-section elementor-top-section elementor-element elementor-element-12a6ad1e elementor-section-boxed elementor-section-height-default elementor-section-height-default\" data-id=\"12a6ad1e\" data-element_type=\"section\" data-e-type=\"section\">\n\t\t\t\t\t\t<div class=\"elementor-container elementor-column-gap-default\">\n\t\t\t\t\t<div class=\"elementor-column elementor-col-100 elementor-top-column elementor-element elementor-element-4461f077\" data-id=\"4461f077\" data-element_type=\"column\" data-e-type=\"column\">\n\t\t\t<div class=\"elementor-widget-wrap elementor-element-populated\">\n\t\t\t\t\t\t<div class=\"elementor-element elementor-element-5bdced6e elementor-widget elementor-widget-text-editor\" data-id=\"5bdced6e\" data-element_type=\"widget\" data-e-type=\"widget\" data-widget_type=\"text-editor.default\">\n\t\t\t\t<div class=\"elementor-widget-container\">\n\t\t\t\t\t\t\t\t\t\n<p>Les 6, 7 et 8 mai 2023, l\u2019inter-ma\u00eetrise du district d\u2019Eure-et-Loir s\u2019est rendu aux <a href=\"https:\/\/www.facebook.com\/events\/679316200315231\/?__cft__[0]=AZXuT9VJnGixYnEj5e1CG5O0EnCizP5geJC5STnHG5kq6Y2gDgfC4GZDLs7nBtu-y8XuFeeGuHJ74wwbA_qufiKSIdaV2HCd6KkqKtJLlceGW3U4R0FlzsFmTkYRDr7MlHCdGSQLRXM0NQwA2jCGZTd0-kBa-nhTDsukQIelGKP84fT4X6syaZ6Vu2KVw2VPn5g&amp;__tn__=-UK-R\">Journ\u00e9es Nationales 2023<\/a>.<\/p>\n\n\n\n<p><img decoding=\"async\" height=\"16\" width=\"16\" alt=\"\u26ea\ufe0f\" src=\"https:\/\/static.xx.fbcdn.net\/images\/emoji.php\/v9\/t90\/1.5\/16\/26ea.png\"> Nos chefs ont retrouv\u00e9 quelques 1.600 chefs, cheftaines, assistants et assistantes dans la baie du Mont-Saint-Michel. Ces rencontres nationales ont d\u00e9but\u00e9 par la travers\u00e9e de la baie \u00e0 pied.<\/p>\n\n\n\n<p><img decoding=\"async\" height=\"16\" width=\"16\" alt=\"\ud83d\udce3\" src=\"https:\/\/static.xx.fbcdn.net\/images\/emoji.php\/v9\/t13\/1.5\/16\/1f4e3.png\">Le <a><\/a>dimanche, Grand Jeu suivi d\u2019une grande veill\u00e9e fa\u00e7on cin\u00e9sc\u00e9nie : grandiose !<\/p>\n\n\n\n<p><img decoding=\"async\" height=\"16\" width=\"16\" alt=\"\ud83d\uddf3\" src=\"https:\/\/static.xx.fbcdn.net\/images\/emoji.php\/v9\/tf3\/1.5\/16\/1f5f3.png\"> Lundi, ces journ\u00e9es se sont referm\u00e9es par l\u2019Assembl\u00e9e G\u00e9n\u00e9rale des <a href=\"https:\/\/www.facebook.com\/guides.scouts.europe\/?__cft__[0]=AZXuT9VJnGixYnEj5e1CG5O0EnCizP5geJC5STnHG5kq6Y2gDgfC4GZDLs7nBtu-y8XuFeeGuHJ74wwbA_qufiKSIdaV2HCd6KkqKtJLlceGW3U4R0FlzsFmTkYRDr7MlHCdGSQLRXM0NQwA2jCGZTd0-kBa-nhTDsukQIelGKP84fT4X6syaZ6Vu2KVw2VPn5g&amp;__tn__=kK-R\">Guides et Scouts d&rsquo;Europe<\/a>, pendant laquelle ont \u00e9t\u00e9 pr\u00e9sent\u00e9 les diff\u00e9rentes orientations du mouvement pour les prochaines ann\u00e9es.<\/p>\n\n\n\n<p>Nous garderons de tr\u00e8s beaux souvenirs de ces journ\u00e9es. Rendez-vous l\u2019ann\u00e9e prochaine ! <img loading=\"lazy\" decoding=\"async\" height=\"16\" width=\"16\" src=\"https:\/\/static.xx.fbcdn.net\/images\/emoji.php\/v9\/tb0\/1.5\/16\/1f609.png\" alt=\"\ud83d\ude09\"><\/p>\n\n\n\n<figure class=\"wp-block-embed is-type-video is-provider-youtube wp-block-embed-youtube wp-embed-aspect-16-9 wp-has-aspect-ratio\"><div class=\"wp-block-embed__wrapper\">\n<iframe title=\"Journ\u00e9es Nationales 2023\" width=\"500\" height=\"281\" src=\"https:\/\/www.youtube.com\/embed\/bR-vFsJv4mc?feature=oembed\" frameborder=\"0\" allow=\"accelerometer; autoplay; clipboard-write; encrypted-media; gyroscope; picture-in-picture; web-share\" referrerpolicy=\"strict-origin-when-cross-origin\" allowfullscreen><\/iframe>\n<\/div><\/figure>\n\n\n\n<p><\/p>\n\t\t\t\t\t\t\t\t<\/div>\n\t\t\t\t<\/div>\n\t\t\t\t\t<\/div>\n\t\t<\/div>\n\t\t\t\t\t<\/div>\n\t\t<\/section>\n\t\t\t\t<\/div>\n\t\t","protected":false},"excerpt":{"rendered":"<p>Les 6, 7 et 8 mai 2023, l\u2019inter-ma\u00eetrise du district d\u2019Eure-et-Loir s\u2019est rendu aux Journ\u00e9es Nationales 2023. Nos chefs ont [&hellip;]<\/p>\n","protected":false},"author":60,"featured_media":1958,"comment_status":"closed","ping_status":"closed","sticky":false,"template":"","format":"standard","meta":{"_seopress_robots_primary_cat":"","_seopress_titles_title":"","_seopress_titles_desc":"","_seopress_robots_index":"","site-sidebar-layout":"default","site-content-layout":"","ast-site-content-layout":"default","site-content-style":"default","site-sidebar-style":"default","ast-global-header-display":"","ast-banner-title-visibility":"","ast-main-header-display":"","ast-hfb-above-header-display":"","ast-hfb-below-header-display":"","ast-hfb-mobile-header-display":"","site-post-title":"","ast-breadcrumbs-content":"","ast-featured-img":"","footer-sml-layout":"","theme-transparent-header-meta":"","adv-header-id-meta":"","stick-header-meta":"","header-above-stick-meta":"","header-main-stick-meta":"","header-below-stick-meta":"","astra-migrate-meta-layouts":"default","ast-page-background-enabled":"default","ast-page-background-meta":{"desktop":{"background-color":"var(--ast-global-color-4)","background-image":"","background-repeat":"repeat","background-position":"center center","background-size":"auto","background-attachment":"scroll","background-type":"","background-media":"","overlay-type":"","overlay-color":"","overlay-opacity":"","overlay-gradient":""},"tablet":{"background-color":"","background-image":"","background-repeat":"repeat","background-position":"center center","background-size":"auto","background-attachment":"scroll","background-type":"","background-media":"","overlay-type":"","overlay-color":"","overlay-opacity":"","overlay-gradient":""},"mobile":{"background-color":"","background-image":"","background-repeat":"repeat","background-position":"center center","background-size":"auto","background-attachment":"scroll","background-type":"","background-media":"","overlay-type":"","overlay-color":"","overlay-opacity":"","overlay-gradient":""}},"ast-content-background-meta":{"desktop":{"background-color":"var(--ast-global-color-5)","background-image":"","background-repeat":"repeat","background-position":"center center","background-size":"auto","background-attachment":"scroll","background-type":"","background-media":"","overlay-type":"","overlay-color":"","overlay-opacity":"","overlay-gradient":""},"tablet":{"background-color":"var(--ast-global-color-5)","background-image":"","background-repeat":"repeat","background-position":"center center","background-size":"auto","background-attachment":"scroll","background-type":"","background-media":"","overlay-type":"","overlay-color":"","overlay-opacity":"","overlay-gradient":""},"mobile":{"background-color":"var(--ast-global-color-5)","background-image":"","background-repeat":"repeat","background-position":"center center","background-size":"auto","background-attachment":"scroll","background-type":"","background-media":"","overlay-type":"","overlay-color":"","overlay-opacity":"","overlay-gradient":""}},"footnotes":""},"categories":[1],"tags":[],"class_list":["post-1955","post","type-post","status-publish","format-standard","has-post-thumbnail","hentry","category-actualite"],"_links":{"self":[{"href":"https:\/\/www.scouts-europe.org\/eure-et-loir\/wp-json\/wp\/v2\/posts\/1955","targetHints":{"allow":["GET"]}}],"collection":[{"href":"https:\/\/www.scouts-europe.org\/eure-et-loir\/wp-json\/wp\/v2\/posts"}],"about":[{"href":"https:\/\/www.scouts-europe.org\/eure-et-loir\/wp-json\/wp\/v2\/types\/post"}],"author":[{"embeddable":true,"href":"https:\/\/www.scouts-europe.org\/eure-et-loir\/wp-json\/wp\/v2\/users\/60"}],"replies":[{"embeddable":true,"href":"https:\/\/www.scouts-europe.org\/eure-et-loir\/wp-json\/wp\/v2\/comments?post=1955"}],"version-history":[{"count":5,"href":"https:\/\/www.scouts-europe.org\/eure-et-loir\/wp-json\/wp\/v2\/posts\/1955\/revisions"}],"predecessor-version":[{"id":2286,"href":"https:\/\/www.scouts-europe.org\/eure-et-loir\/wp-json\/wp\/v2\/posts\/1955\/revisions\/2286"}],"wp:featuredmedia":[{"embeddable":true,"href":"https:\/\/www.scouts-europe.org\/eure-et-loir\/wp-json\/wp\/v2\/media\/1958"}],"wp:attachment":[{"href":"https:\/\/www.scouts-europe.org\/eure-et-loir\/wp-json\/wp\/v2\/media?parent=1955"}],"wp:term":[{"taxonomy":"category","embeddable":true,"href":"https:\/\/www.scouts-europe.org\/eure-et-loir\/wp-json\/wp\/v2\/categories?post=1955"},{"taxonomy":"post_tag","embeddable":true,"href":"https:\/\/www.scouts-europe.org\/eure-et-loir\/wp-json\/wp\/v2\/tags?post=1955"}],"curies":[{"name":"wp","href":"https:\/\/api.w.org\/{rel}","templated":true}]}}