{"id":758,"date":"2020-08-03T18:34:27","date_gmt":"2020-08-03T16:34:27","guid":{"rendered":"http:\/\/guides-scouts-deurope-eureetloir.fr\/?p=758"},"modified":"2024-07-29T12:08:20","modified_gmt":"2024-07-29T10:08:20","slug":"cest-parti-pour-les-camps-dete-ouf","status":"publish","type":"post","link":"https:\/\/www.scouts-europe.org\/eure-et-loir\/2020\/08\/03\/cest-parti-pour-les-camps-dete-ouf\/","title":{"rendered":"C&rsquo;est parti pour les camps, d&rsquo;\u00e9t\u00e9 &#8230;. ouf !"},"content":{"rendered":"\n<p class=\"has-medium-font-size\">Voil\u00e0, toutes nos unit\u00e9s d&rsquo;Eure et Loir partent finalement en camp d&rsquo;\u00e9t\u00e9 et c&rsquo;est un grand soulagement pour tout le monde car, avec la crise sanitaire et le confinement, rien n&rsquo;\u00e9tait vraiment certain jusqu&rsquo;au dernier moment.<\/p>\n\n\n\n<div class=\"wp-block-media-text alignwide is-stacked-on-mobile\" style=\"grid-template-columns:27% auto\"><figure class=\"wp-block-media-text__media\"><img fetchpriority=\"high\" decoding=\"async\" width=\"720\" height=\"960\" src=\"https:\/\/www.scouts-europe.org\/eure-et-loir\/wp-content\/uploads\/sites\/25\/2020\/08\/Camp-louvettes-Dreux-01.jpg\" alt=\"\" class=\"wp-image-759\" srcset=\"https:\/\/www.scouts-europe.org\/eure-et-loir\/wp-content\/uploads\/sites\/25\/2020\/08\/Camp-louvettes-Dreux-01.jpg 720w, https:\/\/www.scouts-europe.org\/eure-et-loir\/wp-content\/uploads\/sites\/25\/2020\/08\/Camp-louvettes-Dreux-01-225x300.jpg 225w\" sizes=\"(max-width: 720px) 100vw, 720px\" \/><\/figure><div class=\"wp-block-media-text__content\">\n<p class=\"has-medium-font-size\">La Clairi\u00e8re 2\u00e8me Dreux a d\u00e9marr\u00e9 cette ann\u00e9e les festivit\u00e9 en campant durant 5 bonnes journ\u00e9es tout d\u00e9but juillet \u00e0 Pierre \u00e0 c\u00f4t\u00e9 de Maintenon. <\/p>\n\n\n\n<p class=\"has-medium-font-size\">Les louvettes sont fi\u00e8res de leur mat des couleurs et chantent : \u00ab\u00a0<em>Debout petits loups, le camp s&rsquo;\u00e9veille,<br>Debout pour saluer les couleurs,<br>La France est terre sans pareille,<br>\u00c0 son drapeau rendons les honneurs.\u00a0\u00bb<\/em><\/p>\n<\/div><\/div>\n\n\n\n<hr class=\"wp-block-separator\" \/>\n\n\n\n<div class=\"wp-block-media-text alignwide has-media-on-the-right is-stacked-on-mobile\" style=\"grid-template-columns:auto 27%\"><figure class=\"wp-block-media-text__media\"><img decoding=\"async\" width=\"1024\" height=\"958\" src=\"https:\/\/www.scouts-europe.org\/eure-et-loir\/wp-content\/uploads\/sites\/25\/2020\/08\/Camp-troupes-03-1024x958.jpg\" alt=\"\" class=\"wp-image-769\" srcset=\"https:\/\/www.scouts-europe.org\/eure-et-loir\/wp-content\/uploads\/sites\/25\/2020\/08\/Camp-troupes-03-1024x958.jpg 1024w, https:\/\/www.scouts-europe.org\/eure-et-loir\/wp-content\/uploads\/sites\/25\/2020\/08\/Camp-troupes-03-300x281.jpg 300w, https:\/\/www.scouts-europe.org\/eure-et-loir\/wp-content\/uploads\/sites\/25\/2020\/08\/Camp-troupes-03-768x718.jpg 768w, https:\/\/www.scouts-europe.org\/eure-et-loir\/wp-content\/uploads\/sites\/25\/2020\/08\/Camp-troupes-03.jpg 1280w\" sizes=\"(max-width: 1024px) 100vw, 1024px\" \/><\/figure><div class=\"wp-block-media-text__content\">\n<p class=\"has-medium-font-size\">Ensuite, les scouts de la 1\u00e8re et 3\u00e8me Chartres, sont partis finalement la premi\u00e8re quinzaine d&rsquo;ao\u00fbt pour un camp en commun sur le th\u00e8me de Napol\u00e9on<\/p>\n\n\n\n<p class=\"has-medium-font-size\">Le d\u00e9part s&rsquo;est fait masqu\u00e9, mais cela n&rsquo;a pas arr\u00eat\u00e9 pas nos scouts pour ce camp de 15 jours tant attendu !<\/p>\n<\/div><\/div>\n\n\n\n<div class=\"wp-block-image\"><figure class=\"aligncenter is-resized\"><img decoding=\"async\" src=\"https:\/\/www.scouts-europe.org\/eure-et-loir\/wp-content\/uploads\/sites\/25\/2020\/08\/Camp-troupes-01-1-1024x578.jpeg\" alt=\"\" class=\"wp-image-773\" width=\"435\" height=\"246\" srcset=\"https:\/\/www.scouts-europe.org\/eure-et-loir\/wp-content\/uploads\/sites\/25\/2020\/08\/Camp-troupes-01-1-1024x578.jpeg 1024w, https:\/\/www.scouts-europe.org\/eure-et-loir\/wp-content\/uploads\/sites\/25\/2020\/08\/Camp-troupes-01-1-300x169.jpeg 300w, https:\/\/www.scouts-europe.org\/eure-et-loir\/wp-content\/uploads\/sites\/25\/2020\/08\/Camp-troupes-01-1-768x433.jpeg 768w, https:\/\/www.scouts-europe.org\/eure-et-loir\/wp-content\/uploads\/sites\/25\/2020\/08\/Camp-troupes-01-1-1536x867.jpeg 1536w, https:\/\/www.scouts-europe.org\/eure-et-loir\/wp-content\/uploads\/sites\/25\/2020\/08\/Camp-troupes-01-1.jpeg 1600w\" sizes=\"(max-width: 435px) 100vw, 435px\" \/><\/figure><\/div>\n\n\n\n<hr class=\"wp-block-separator\" \/>\n\n\n\n<div class=\"wp-block-media-text alignwide is-stacked-on-mobile\" style=\"grid-template-columns:43% auto\"><figure class=\"wp-block-media-text__media\"><img loading=\"lazy\" decoding=\"async\" width=\"1024\" height=\"578\" src=\"https:\/\/www.scouts-europe.org\/eure-et-loir\/wp-content\/uploads\/sites\/25\/2020\/08\/Camp-louveteau-02-1024x578.jpeg\" alt=\"\" class=\"wp-image-785\" srcset=\"https:\/\/www.scouts-europe.org\/eure-et-loir\/wp-content\/uploads\/sites\/25\/2020\/08\/Camp-louveteau-02-1024x578.jpeg 1024w, https:\/\/www.scouts-europe.org\/eure-et-loir\/wp-content\/uploads\/sites\/25\/2020\/08\/Camp-louveteau-02-300x169.jpeg 300w, https:\/\/www.scouts-europe.org\/eure-et-loir\/wp-content\/uploads\/sites\/25\/2020\/08\/Camp-louveteau-02-768x433.jpeg 768w, https:\/\/www.scouts-europe.org\/eure-et-loir\/wp-content\/uploads\/sites\/25\/2020\/08\/Camp-louveteau-02-1536x867.jpeg 1536w, https:\/\/www.scouts-europe.org\/eure-et-loir\/wp-content\/uploads\/sites\/25\/2020\/08\/Camp-louveteau-02.jpeg 1600w\" sizes=\"(max-width: 1024px) 100vw, 1024px\" \/><\/figure><div class=\"wp-block-media-text__content\">\n<p class=\"has-medium-font-size\">Du 3 au 7 ao\u00fbt, c&rsquo;est la meute 1\u00e8re Chartres qui campe. Direction le sud du d\u00e9partement. <\/p>\n\n\n\n<p class=\"has-medium-font-size\">Les activit\u00e9s vont s\u2019encha\u00eener jour apr\u00e8s jour : installations, petites et grandes chasses selon l&rsquo;histoire et la p\u00e9dagogie du livre de la jungle de Kipling, veill\u00e9es, olympiades, &#8230;<\/p>\n\n\n\n<p class=\"has-medium-font-size\">Les loups sont sur place depuis ce lundi 3 ao\u00fbt : bon camp !<\/p>\n<\/div><\/div>\n\n\n\n<hr class=\"wp-block-separator\" \/>\n\n\n\n<div class=\"wp-block-media-text alignwide has-media-on-the-right is-stacked-on-mobile\" style=\"grid-template-columns:auto 39%\"><figure class=\"wp-block-media-text__media\"><img loading=\"lazy\" decoding=\"async\" width=\"1024\" height=\"768\" src=\"https:\/\/www.scouts-europe.org\/eure-et-loir\/wp-content\/uploads\/sites\/25\/2020\/08\/Camp-guide-01.jpeg\" alt=\"\" class=\"wp-image-796\" srcset=\"https:\/\/www.scouts-europe.org\/eure-et-loir\/wp-content\/uploads\/sites\/25\/2020\/08\/Camp-guide-01.jpeg 1024w, https:\/\/www.scouts-europe.org\/eure-et-loir\/wp-content\/uploads\/sites\/25\/2020\/08\/Camp-guide-01-300x225.jpeg 300w, https:\/\/www.scouts-europe.org\/eure-et-loir\/wp-content\/uploads\/sites\/25\/2020\/08\/Camp-guide-01-768x576.jpeg 768w\" sizes=\"(max-width: 1024px) 100vw, 1024px\" \/><\/figure><div class=\"wp-block-media-text__content\">\n<p class=\"has-medium-font-size\">C&rsquo;est aussi durant cette premi\u00e8re quinzaine d&rsquo;ao\u00fbt que la compagnie 2\u00e8me Chartres fait son camp.<\/p>\n\n\n\n<p class=\"has-medium-font-size\">D\u00e9part en train pour les 3 patrouilles de la compagnie.<\/p>\n\n\n\n<p class=\"has-medium-font-size\">Beau temps, bon camp en perspective. <\/p>\n\n\n\n<p class=\"has-medium-font-size\">Les Guides vont se donner \u00e0 fond !<\/p>\n<\/div><\/div>\n\n\n\n<figure class=\"wp-block-gallery aligncenter columns-2 is-cropped wp-block-gallery-1 is-layout-flex wp-block-gallery-is-layout-flex\"><ul class=\"blocks-gallery-grid\"><li class=\"blocks-gallery-item\"><figure><img loading=\"lazy\" decoding=\"async\" width=\"1024\" height=\"768\" src=\"https:\/\/www.scouts-europe.org\/eure-et-loir\/wp-content\/uploads\/sites\/25\/2020\/08\/Camp-guide-02-1.jpeg\" alt=\"\" data-id=\"800\" data-full-url=\"https:\/\/www.scouts-europe.org\/eure-et-loir\/wp-content\/uploads\/sites\/25\/2020\/08\/Camp-guide-02-1.jpeg\" data-link=\"http:\/\/guides-scouts-deurope-eureetloir.fr\/?attachment_id=800\" class=\"wp-image-800\" srcset=\"https:\/\/www.scouts-europe.org\/eure-et-loir\/wp-content\/uploads\/sites\/25\/2020\/08\/Camp-guide-02-1.jpeg 1024w, https:\/\/www.scouts-europe.org\/eure-et-loir\/wp-content\/uploads\/sites\/25\/2020\/08\/Camp-guide-02-1-300x225.jpeg 300w, https:\/\/www.scouts-europe.org\/eure-et-loir\/wp-content\/uploads\/sites\/25\/2020\/08\/Camp-guide-02-1-768x576.jpeg 768w\" sizes=\"(max-width: 1024px) 100vw, 1024px\" \/><\/figure><\/li><li class=\"blocks-gallery-item\"><figure><img loading=\"lazy\" decoding=\"async\" width=\"1024\" height=\"768\" src=\"https:\/\/www.scouts-europe.org\/eure-et-loir\/wp-content\/uploads\/sites\/25\/2020\/08\/Camp-guide-03-1.jpeg\" alt=\"\" data-id=\"801\" data-full-url=\"https:\/\/www.scouts-europe.org\/eure-et-loir\/wp-content\/uploads\/sites\/25\/2020\/08\/Camp-guide-03-1.jpeg\" data-link=\"http:\/\/guides-scouts-deurope-eureetloir.fr\/?attachment_id=801\" class=\"wp-image-801\" srcset=\"https:\/\/www.scouts-europe.org\/eure-et-loir\/wp-content\/uploads\/sites\/25\/2020\/08\/Camp-guide-03-1.jpeg 1024w, https:\/\/www.scouts-europe.org\/eure-et-loir\/wp-content\/uploads\/sites\/25\/2020\/08\/Camp-guide-03-1-300x225.jpeg 300w, https:\/\/www.scouts-europe.org\/eure-et-loir\/wp-content\/uploads\/sites\/25\/2020\/08\/Camp-guide-03-1-768x576.jpeg 768w\" sizes=\"(max-width: 1024px) 100vw, 1024px\" \/><\/figure><\/li><\/ul><\/figure>\n\n\n\n<hr class=\"wp-block-separator\" \/>\n\n\n\n<div class=\"wp-block-media-text alignwide is-stacked-on-mobile\" style=\"grid-template-columns:31% auto\"><figure class=\"wp-block-media-text__media\"><img loading=\"lazy\" decoding=\"async\" width=\"720\" height=\"960\" src=\"https:\/\/www.scouts-europe.org\/eure-et-loir\/wp-content\/uploads\/sites\/25\/2020\/08\/Route-01.jpeg\" alt=\"\" class=\"wp-image-789\" srcset=\"https:\/\/www.scouts-europe.org\/eure-et-loir\/wp-content\/uploads\/sites\/25\/2020\/08\/Route-01.jpeg 720w, https:\/\/www.scouts-europe.org\/eure-et-loir\/wp-content\/uploads\/sites\/25\/2020\/08\/Route-01-225x300.jpeg 225w\" sizes=\"(max-width: 720px) 100vw, 720px\" \/><\/figure><div class=\"wp-block-media-text__content\">\n<p class=\"has-medium-font-size\">Le clan Franz Stock, quant \u00e0 lui, vient de terminer sa route d&rsquo;\u00e9t\u00e9. <\/p>\n\n\n\n<p class=\"has-medium-font-size\">Belle marche \u00e0 travers le Perche, passage \u00e0 Notre Dame de Montligeon et arriv\u00e9e ce dimanche 2 ao\u00fbt, frais et dispo !! <\/p>\n\n\n\n<p style=\"font-size:18px\">Nous chantons avec vous : <em>\u00ab\u00a0Vierge des chemins de France, vois tes fils Routiers. Nous avons cueilli pour toi ces fleurs au long des bois ! Ave !<br>Nous sommes las, nous pauserons aupr\u00e8s de toi. Sur la route et pour le dur effort soutiens nos pas. Maria !<br>Et prends nous un jour au ciel<br>\u00d4 m\u00e8re dans tes bras.\u00a0\u00bb<\/em><\/p>\n<\/div><\/div>\n\n\n\n<hr class=\"wp-block-separator\" \/>\n\n\n\n<p class=\"has-medium-font-size\">Et enfin, n&rsquo;oublions pas nos 2 patrouilles libres de Dreux qui sont parties en camp regroupant l&rsquo;ensemble des patrouilles libres de France. <\/p>\n\n\n\n<p class=\"has-medium-font-size\">Camp pr\u00e8s  de V\u00e9zelay ! <a href=\"https:\/\/www.facebook.com\/ReseauAraignee\/\">https:\/\/www.facebook.com\/ReseauAraignee\/<\/a><\/p>\n\n\n\n<div class=\"wp-block-image\"><figure class=\"aligncenter size-large is-resized\"><img loading=\"lazy\" decoding=\"async\" src=\"https:\/\/www.scouts-europe.org\/eure-et-loir\/wp-content\/uploads\/sites\/25\/2020\/08\/Camp-PL-01-683x1024.jpg\" alt=\"\" class=\"wp-image-793\" width=\"394\" height=\"591\" srcset=\"https:\/\/www.scouts-europe.org\/eure-et-loir\/wp-content\/uploads\/sites\/25\/2020\/08\/Camp-PL-01-683x1024.jpg 683w, https:\/\/www.scouts-europe.org\/eure-et-loir\/wp-content\/uploads\/sites\/25\/2020\/08\/Camp-PL-01-200x300.jpg 200w, https:\/\/www.scouts-europe.org\/eure-et-loir\/wp-content\/uploads\/sites\/25\/2020\/08\/Camp-PL-01-768x1152.jpg 768w, https:\/\/www.scouts-europe.org\/eure-et-loir\/wp-content\/uploads\/sites\/25\/2020\/08\/Camp-PL-01-1024x1536.jpg 1024w, https:\/\/www.scouts-europe.org\/eure-et-loir\/wp-content\/uploads\/sites\/25\/2020\/08\/Camp-PL-01.jpg 1365w\" sizes=\"(max-width: 394px) 100vw, 394px\" \/><\/figure><\/div>\n","protected":false},"excerpt":{"rendered":"<p>Voil\u00e0, toutes nos unit\u00e9s d&rsquo;Eure et Loir partent finalement en camp d&rsquo;\u00e9t\u00e9 et c&rsquo;est un grand soulagement pour tout le [&hellip;]<\/p>\n","protected":false},"author":60,"featured_media":759,"comment_status":"closed","ping_status":"closed","sticky":false,"template":"","format":"standard","meta":{"_seopress_robots_primary_cat":"","_seopress_titles_title":"","_seopress_titles_desc":"","_seopress_robots_index":"","site-sidebar-layout":"default","site-content-layout":"","ast-site-content-layout":"default","site-content-style":"default","site-sidebar-style":"default","ast-global-header-display":"","ast-banner-title-visibility":"","ast-main-header-display":"","ast-hfb-above-header-display":"","ast-hfb-below-header-display":"","ast-hfb-mobile-header-display":"","site-post-title":"","ast-breadcrumbs-content":"","ast-featured-img":"","footer-sml-layout":"","theme-transparent-header-meta":"","adv-header-id-meta":"","stick-header-meta":"","header-above-stick-meta":"","header-main-stick-meta":"","header-below-stick-meta":"","astra-migrate-meta-layouts":"default","ast-page-background-enabled":"default","ast-page-background-meta":{"desktop":{"background-color":"var(--ast-global-color-4)","background-image":"","background-repeat":"repeat","background-position":"center center","background-size":"auto","background-attachment":"scroll","background-type":"","background-media":"","overlay-type":"","overlay-color":"","overlay-opacity":"","overlay-gradient":""},"tablet":{"background-color":"","background-image":"","background-repeat":"repeat","background-position":"center center","background-size":"auto","background-attachment":"scroll","background-type":"","background-media":"","overlay-type":"","overlay-color":"","overlay-opacity":"","overlay-gradient":""},"mobile":{"background-color":"","background-image":"","background-repeat":"repeat","background-position":"center center","background-size":"auto","background-attachment":"scroll","background-type":"","background-media":"","overlay-type":"","overlay-color":"","overlay-opacity":"","overlay-gradient":""}},"ast-content-background-meta":{"desktop":{"background-color":"var(--ast-global-color-5)","background-image":"","background-repeat":"repeat","background-position":"center center","background-size":"auto","background-attachment":"scroll","background-type":"","background-media":"","overlay-type":"","overlay-color":"","overlay-opacity":"","overlay-gradient":""},"tablet":{"background-color":"var(--ast-global-color-5)","background-image":"","background-repeat":"repeat","background-position":"center center","background-size":"auto","background-attachment":"scroll","background-type":"","background-media":"","overlay-type":"","overlay-color":"","overlay-opacity":"","overlay-gradient":""},"mobile":{"background-color":"var(--ast-global-color-5)","background-image":"","background-repeat":"repeat","background-position":"center center","background-size":"auto","background-attachment":"scroll","background-type":"","background-media":"","overlay-type":"","overlay-color":"","overlay-opacity":"","overlay-gradient":""}},"footnotes":""},"categories":[1],"tags":[],"class_list":["post-758","post","type-post","status-publish","format-standard","has-post-thumbnail","hentry","category-actualite"],"_links":{"self":[{"href":"https:\/\/www.scouts-europe.org\/eure-et-loir\/wp-json\/wp\/v2\/posts\/758","targetHints":{"allow":["GET"]}}],"collection":[{"href":"https:\/\/www.scouts-europe.org\/eure-et-loir\/wp-json\/wp\/v2\/posts"}],"about":[{"href":"https:\/\/www.scouts-europe.org\/eure-et-loir\/wp-json\/wp\/v2\/types\/post"}],"author":[{"embeddable":true,"href":"https:\/\/www.scouts-europe.org\/eure-et-loir\/wp-json\/wp\/v2\/users\/60"}],"replies":[{"embeddable":true,"href":"https:\/\/www.scouts-europe.org\/eure-et-loir\/wp-json\/wp\/v2\/comments?post=758"}],"version-history":[{"count":1,"href":"https:\/\/www.scouts-europe.org\/eure-et-loir\/wp-json\/wp\/v2\/posts\/758\/revisions"}],"predecessor-version":[{"id":2081,"href":"https:\/\/www.scouts-europe.org\/eure-et-loir\/wp-json\/wp\/v2\/posts\/758\/revisions\/2081"}],"wp:featuredmedia":[{"embeddable":true,"href":"https:\/\/www.scouts-europe.org\/eure-et-loir\/wp-json\/wp\/v2\/media\/759"}],"wp:attachment":[{"href":"https:\/\/www.scouts-europe.org\/eure-et-loir\/wp-json\/wp\/v2\/media?parent=758"}],"wp:term":[{"taxonomy":"category","embeddable":true,"href":"https:\/\/www.scouts-europe.org\/eure-et-loir\/wp-json\/wp\/v2\/categories?post=758"},{"taxonomy":"post_tag","embeddable":true,"href":"https:\/\/www.scouts-europe.org\/eure-et-loir\/wp-json\/wp\/v2\/tags?post=758"}],"curies":[{"name":"wp","href":"https:\/\/api.w.org\/{rel}","templated":true}]}}