{"id":874,"date":"2020-08-21T17:43:43","date_gmt":"2020-08-21T15:43:43","guid":{"rendered":"http:\/\/guides-scouts-deurope-eureetloir.fr\/?p=874"},"modified":"2024-07-29T12:08:09","modified_gmt":"2024-07-29T10:08:09","slug":"rentree-des-guides-et-scouts-deurope-deure-loir","status":"publish","type":"post","link":"https:\/\/www.scouts-europe.org\/eure-et-loir\/2020\/08\/21\/rentree-des-guides-et-scouts-deurope-deure-loir\/","title":{"rendered":"Rentr\u00e9e des Guides et Scouts d&rsquo;Europe d&rsquo;Eure &amp; Loir"},"content":{"rendered":"\n<p class=\"has-medium-font-size\">Les Guides et Scouts d\u2019Europe d\u2019Eure-et-Loir organisent leur rentr\u00e9e le samedi 12 septembre 2020. <\/p>\n\n\n\n<p class=\"has-vivid-cyan-blue-color has-text-color has-medium-font-size\"><strong>ATTENTION : le lieu de RDV a chang\u00e9 : RDV 9h45 directement au ch\u00e2teau de Renancourt, 3 rue Voise \u00e0 Villemeux sur Eure<\/strong><\/p>\n\n\n\n<p class=\"wp-block-pdfemb-pdf-embedder-viewer\"><\/p>\n\n\n\n<p style=\"font-size:18px\">Quelques recommandations pour cette journ\u00e9e :<\/p>\n\n\n\n<ul class=\"wp-block-list\"><li>soyez ponctuels pour le RDV du matin, la messe commencera \u00e0 10h, pr\u00e9sid\u00e9e par Monseigneur Christory<\/li><li>pr\u00e9voyez votre masque (\u00e0 partir de 11 ans).<\/li><\/ul>\n\n\n\n<p class=\"has-medium-font-size\">Parents, louveteaux, louvettes, guides, scouts, guides-a\u00een\u00e9es et routiers : retenez cette date !<\/p>\n\n\n\n<p class=\"has-medium-font-size\">Vous souhaitez vous inscrire aux louvettes, louveteaux, guides, scouts, routiers, guides-a\u00een\u00e9es, chefs ou cheftaines : contactez-nous : <a href=\"http:\/\/guides-scouts-deurope-eureetloir.fr\/contacts-guides\/\" target=\"_blank\" rel=\"noreferrer noopener\"><a href=\"http:\/\/guides-scouts-deurope-eureetloir.fr\/contacts-guides\/\">http:\/\/guides-scouts-deurope-eureetloir.fr\/contacts-guides\/<\/a><\/a><\/p>\n","protected":false},"excerpt":{"rendered":"<p>Les Guides et Scouts d\u2019Europe d\u2019Eure-et-Loir organisent leur rentr\u00e9e le samedi 12 septembre 2020. ATTENTION : le lieu de RDV [&hellip;]<\/p>\n","protected":false},"author":60,"featured_media":793,"comment_status":"closed","ping_status":"closed","sticky":false,"template":"","format":"standard","meta":{"_seopress_robots_primary_cat":"","_seopress_titles_title":"","_seopress_titles_desc":"","_seopress_robots_index":"","site-sidebar-layout":"default","site-content-layout":"","ast-site-content-layout":"default","site-content-style":"default","site-sidebar-style":"default","ast-global-header-display":"","ast-banner-title-visibility":"","ast-main-header-display":"","ast-hfb-above-header-display":"","ast-hfb-below-header-display":"","ast-hfb-mobile-header-display":"","site-post-title":"","ast-breadcrumbs-content":"","ast-featured-img":"","footer-sml-layout":"","theme-transparent-header-meta":"","adv-header-id-meta":"","stick-header-meta":"","header-above-stick-meta":"","header-main-stick-meta":"","header-below-stick-meta":"","astra-migrate-meta-layouts":"default","ast-page-background-enabled":"default","ast-page-background-meta":{"desktop":{"background-color":"var(--ast-global-color-4)","background-image":"","background-repeat":"repeat","background-position":"center center","background-size":"auto","background-attachment":"scroll","background-type":"","background-media":"","overlay-type":"","overlay-color":"","overlay-opacity":"","overlay-gradient":""},"tablet":{"background-color":"","background-image":"","background-repeat":"repeat","background-position":"center center","background-size":"auto","background-attachment":"scroll","background-type":"","background-media":"","overlay-type":"","overlay-color":"","overlay-opacity":"","overlay-gradient":""},"mobile":{"background-color":"","background-image":"","background-repeat":"repeat","background-position":"center center","background-size":"auto","background-attachment":"scroll","background-type":"","background-media":"","overlay-type":"","overlay-color":"","overlay-opacity":"","overlay-gradient":""}},"ast-content-background-meta":{"desktop":{"background-color":"var(--ast-global-color-5)","background-image":"","background-repeat":"repeat","background-position":"center center","background-size":"auto","background-attachment":"scroll","background-type":"","background-media":"","overlay-type":"","overlay-color":"","overlay-opacity":"","overlay-gradient":""},"tablet":{"background-color":"var(--ast-global-color-5)","background-image":"","background-repeat":"repeat","background-position":"center center","background-size":"auto","background-attachment":"scroll","background-type":"","background-media":"","overlay-type":"","overlay-color":"","overlay-opacity":"","overlay-gradient":""},"mobile":{"background-color":"var(--ast-global-color-5)","background-image":"","background-repeat":"repeat","background-position":"center center","background-size":"auto","background-attachment":"scroll","background-type":"","background-media":"","overlay-type":"","overlay-color":"","overlay-opacity":"","overlay-gradient":""}},"footnotes":""},"categories":[1],"tags":[],"class_list":["post-874","post","type-post","status-publish","format-standard","has-post-thumbnail","hentry","category-actualite"],"_links":{"self":[{"href":"https:\/\/www.scouts-europe.org\/eure-et-loir\/wp-json\/wp\/v2\/posts\/874","targetHints":{"allow":["GET"]}}],"collection":[{"href":"https:\/\/www.scouts-europe.org\/eure-et-loir\/wp-json\/wp\/v2\/posts"}],"about":[{"href":"https:\/\/www.scouts-europe.org\/eure-et-loir\/wp-json\/wp\/v2\/types\/post"}],"author":[{"embeddable":true,"href":"https:\/\/www.scouts-europe.org\/eure-et-loir\/wp-json\/wp\/v2\/users\/60"}],"replies":[{"embeddable":true,"href":"https:\/\/www.scouts-europe.org\/eure-et-loir\/wp-json\/wp\/v2\/comments?post=874"}],"version-history":[{"count":1,"href":"https:\/\/www.scouts-europe.org\/eure-et-loir\/wp-json\/wp\/v2\/posts\/874\/revisions"}],"predecessor-version":[{"id":2080,"href":"https:\/\/www.scouts-europe.org\/eure-et-loir\/wp-json\/wp\/v2\/posts\/874\/revisions\/2080"}],"wp:featuredmedia":[{"embeddable":true,"href":"https:\/\/www.scouts-europe.org\/eure-et-loir\/wp-json\/wp\/v2\/media\/793"}],"wp:attachment":[{"href":"https:\/\/www.scouts-europe.org\/eure-et-loir\/wp-json\/wp\/v2\/media?parent=874"}],"wp:term":[{"taxonomy":"category","embeddable":true,"href":"https:\/\/www.scouts-europe.org\/eure-et-loir\/wp-json\/wp\/v2\/categories?post=874"},{"taxonomy":"post_tag","embeddable":true,"href":"https:\/\/www.scouts-europe.org\/eure-et-loir\/wp-json\/wp\/v2\/tags?post=874"}],"curies":[{"name":"wp","href":"https:\/\/api.w.org\/{rel}","templated":true}]}}