{"id":2371,"date":"2024-12-02T16:47:55","date_gmt":"2024-12-02T15:47:55","guid":{"rendered":"https:\/\/www.scouts-europe.org\/scoutorama\/?p=2371"},"modified":"2025-02-11T12:03:39","modified_gmt":"2025-02-11T11:03:39","slug":"observer-la-faune","status":"publish","type":"post","link":"https:\/\/www.scouts-europe.org\/scoutorama\/observer-la-faune\/","title":{"rendered":"Observer la faune"},"content":{"rendered":"\t\t<div data-elementor-type=\"wp-post\" data-elementor-id=\"2371\" class=\"elementor elementor-2371\">\n\t\t\t\t\t\t<section class=\"elementor-section elementor-top-section elementor-element elementor-element-8041808 elementor-section-boxed elementor-section-height-default elementor-section-height-default\" data-id=\"8041808\" data-element_type=\"section\" data-e-type=\"section\">\n\t\t\t\t\t\t<div class=\"elementor-container elementor-column-gap-default\">\n\t\t\t\t\t<div class=\"elementor-column elementor-col-100 elementor-top-column elementor-element elementor-element-7caf085\" data-id=\"7caf085\" data-element_type=\"column\" data-e-type=\"column\" data-settings=\"{&quot;background_background&quot;:&quot;classic&quot;}\">\n\t\t\t<div class=\"elementor-widget-wrap elementor-element-populated\">\n\t\t\t\t\t\t<div class=\"elementor-element elementor-element-4eb47f7 elementor-widget elementor-widget-heading\" data-id=\"4eb47f7\" data-element_type=\"widget\" data-e-type=\"widget\" data-widget_type=\"heading.default\">\n\t\t\t\t<div class=\"elementor-widget-container\">\n\t\t\t\t\t<h2 class=\"elementor-heading-title elementor-size-default\">Observer la faune<\/h2>\t\t\t\t<\/div>\n\t\t\t\t<\/div>\n\t\t\t\t\t<\/div>\n\t\t<\/div>\n\t\t\t\t\t<\/div>\n\t\t<\/section>\n\t\t\t\t<section class=\"elementor-section elementor-top-section elementor-element elementor-element-721ab5e elementor-section-boxed elementor-section-height-default elementor-section-height-default\" data-id=\"721ab5e\" data-element_type=\"section\" data-e-type=\"section\">\n\t\t\t\t\t\t<div class=\"elementor-container elementor-column-gap-default\">\n\t\t\t\t\t<div class=\"elementor-column elementor-col-100 elementor-top-column elementor-element elementor-element-d46eb97\" data-id=\"d46eb97\" data-element_type=\"column\" data-e-type=\"column\" data-settings=\"{&quot;background_background&quot;:&quot;classic&quot;}\">\n\t\t\t<div class=\"elementor-widget-wrap elementor-element-populated\">\n\t\t\t\t\t\t<div class=\"elementor-element elementor-element-7dfb63b elementor-widget elementor-widget-spacer\" data-id=\"7dfb63b\" data-element_type=\"widget\" data-e-type=\"widget\" data-widget_type=\"spacer.default\">\n\t\t\t\t<div class=\"elementor-widget-container\">\n\t\t\t\t\t\t\t<div class=\"elementor-spacer\">\n\t\t\t<div class=\"elementor-spacer-inner\"><\/div>\n\t\t<\/div>\n\t\t\t\t\t\t<\/div>\n\t\t\t\t<\/div>\n\t\t\t\t<div class=\"elementor-element elementor-element-9593b3b elementor-widget elementor-widget-text-editor\" data-id=\"9593b3b\" data-element_type=\"widget\" data-e-type=\"widget\" data-widget_type=\"text-editor.default\">\n\t\t\t\t<div class=\"elementor-widget-container\">\n\t\t\t\t\t\t\t\t\t<p>L\u2019automne est la saison id\u00e9ale pour observer la faune car les passereaux qui se pr\u00e9parent \u00e0 partir entra\u00eenent une grande agitation.<br class=\"manualbr\" \/>Profitons-en pour apprendre \u00e0 faire des relev\u00e9s d\u2019observation de la faune.<\/p><p>Autour des maisons, dans les jardins, les passereaux que l\u2019on n\u2019entendait plus et que l\u2019on ne voyait plus \u00e0 la belle saison se d\u00e9couvrent \u00e0 notre regard.<br class=\"manualbr\" \/>D\u2019autres, arrivant directement du Nord, gonflent les rangs indig\u00e8nes, cr\u00e9ant ainsi une importante diversit\u00e9.<br class=\"manualbr\" \/>C\u2019est le moment id\u00e9al pour mieux les observer.<\/p>\t\t\t\t\t\t\t\t<\/div>\n\t\t\t\t<\/div>\n\t\t\t\t<div class=\"elementor-element elementor-element-c306bc5 elementor-widget elementor-widget-spacer\" data-id=\"c306bc5\" data-element_type=\"widget\" data-e-type=\"widget\" data-widget_type=\"spacer.default\">\n\t\t\t\t<div class=\"elementor-widget-container\">\n\t\t\t\t\t\t\t<div class=\"elementor-spacer\">\n\t\t\t<div class=\"elementor-spacer-inner\"><\/div>\n\t\t<\/div>\n\t\t\t\t\t\t<\/div>\n\t\t\t\t<\/div>\n\t\t\t\t\t<\/div>\n\t\t<\/div>\n\t\t\t\t\t<\/div>\n\t\t<\/section>\n\t\t\t\t<section class=\"elementor-section elementor-top-section elementor-element elementor-element-f86d9d8 elementor-section-boxed elementor-section-height-default elementor-section-height-default\" data-id=\"f86d9d8\" data-element_type=\"section\" data-e-type=\"section\">\n\t\t\t\t\t\t<div class=\"elementor-container elementor-column-gap-default\">\n\t\t\t\t\t<div class=\"elementor-column elementor-col-100 elementor-top-column elementor-element elementor-element-14bf3b9\" data-id=\"14bf3b9\" data-element_type=\"column\" data-e-type=\"column\" data-settings=\"{&quot;background_background&quot;:&quot;classic&quot;}\">\n\t\t\t<div class=\"elementor-widget-wrap elementor-element-populated\">\n\t\t\t\t\t\t<div class=\"elementor-element elementor-element-9416390 elementor-widget elementor-widget-heading\" data-id=\"9416390\" data-element_type=\"widget\" data-e-type=\"widget\" data-widget_type=\"heading.default\">\n\t\t\t\t<div class=\"elementor-widget-container\">\n\t\t\t\t\t<h2 class=\"elementor-heading-title elementor-size-default\">Exemples de relev\u00e9s d\u2019observation<\/h2>\t\t\t\t<\/div>\n\t\t\t\t<\/div>\n\t\t\t\t<div class=\"elementor-element elementor-element-a8e0aa7 elementor-widget elementor-widget-text-editor\" data-id=\"a8e0aa7\" data-element_type=\"widget\" data-e-type=\"widget\" data-widget_type=\"text-editor.default\">\n\t\t\t\t<div class=\"elementor-widget-container\">\n\t\t\t\t\t\t\t\t\t<p>\u00ab\u00a0Le froid vif de ces derniers jours a provoqu\u00e9 une premi\u00e8re arriv\u00e9e d\u2019oiseaux chass\u00e9s, par le gel et la neige, de r\u00e9gions plus continentales.<br class=\"manualbr\" \/>Depuis ce matin, nous avons not\u00e9 d\u2019importants vols de fringilles (petits passereaux, souvent tr\u00e8s color\u00e9s jaune, rouge, rose, roux, avec des barres alaires &#8211; c\u2019est-\u00e0-dire sur les ailes &#8211; tr\u00e8s visibles en vol. Granivores \u00e0 bec fort. Ils sont\u00a0: pinson, verdier, chardonneret, tarin, linotte, sizerin, serin, bouvreuil, niverolle alpine, gros-bec, bec-crois\u00e9).<br class=\"manualbr\" \/>Au loin une colonie de choucas se fait entendre.\u00a0\u00bb<\/p><p>Plus loin, en bordure de culture, nous d\u00e9couvrons une plum\u00e9e de pinson, puis des restes \u00e9parpill\u00e9s d\u2019un m\u00e2le bouvreuil.<br class=\"manualbr\" \/>C\u2019est l\u2019\u0153uvre de l\u2019\u00e9pervier que nous ne tardons pas \u00e0 apercevoir rasant les arbres \u00e0 la recherche de prochaines victimes. Son flanc roux-orang\u00e9 trahit le m\u00e2le de l\u2019esp\u00e8ce.<br class=\"manualbr\" \/>Nous continuons&#8230;\u00a0\u00bb<\/p>\t\t\t\t\t\t\t\t<\/div>\n\t\t\t\t<\/div>\n\t\t\t\t\t<\/div>\n\t\t<\/div>\n\t\t\t\t\t<\/div>\n\t\t<\/section>\n\t\t\t\t<section class=\"elementor-section elementor-top-section elementor-element elementor-element-94ba258 elementor-section-boxed elementor-section-height-default elementor-section-height-default\" data-id=\"94ba258\" data-element_type=\"section\" data-e-type=\"section\">\n\t\t\t\t\t\t<div class=\"elementor-container elementor-column-gap-default\">\n\t\t\t\t\t<div class=\"elementor-column elementor-col-100 elementor-top-column elementor-element elementor-element-37f90a3\" data-id=\"37f90a3\" data-element_type=\"column\" data-e-type=\"column\" data-settings=\"{&quot;background_background&quot;:&quot;classic&quot;}\">\n\t\t\t<div class=\"elementor-widget-wrap elementor-element-populated\">\n\t\t\t\t\t\t<div class=\"elementor-element elementor-element-fac9e61 elementor-widget elementor-widget-spacer\" data-id=\"fac9e61\" data-element_type=\"widget\" data-e-type=\"widget\" data-widget_type=\"spacer.default\">\n\t\t\t\t<div class=\"elementor-widget-container\">\n\t\t\t\t\t\t\t<div class=\"elementor-spacer\">\n\t\t\t<div class=\"elementor-spacer-inner\"><\/div>\n\t\t<\/div>\n\t\t\t\t\t\t<\/div>\n\t\t\t\t<\/div>\n\t\t\t\t<div class=\"elementor-element elementor-element-a950b74 elementor-widget elementor-widget-heading\" data-id=\"a950b74\" data-element_type=\"widget\" data-e-type=\"widget\" data-widget_type=\"heading.default\">\n\t\t\t\t<div class=\"elementor-widget-container\">\n\t\t\t\t\t<h2 class=\"elementor-heading-title elementor-size-default\">Comment les identifier<\/h2>\t\t\t\t<\/div>\n\t\t\t\t<\/div>\n\t\t\t\t\t<\/div>\n\t\t<\/div>\n\t\t\t\t\t<\/div>\n\t\t<\/section>\n\t\t\t\t<section class=\"elementor-section elementor-top-section elementor-element elementor-element-4abe862 elementor-section-boxed elementor-section-height-default elementor-section-height-default\" data-id=\"4abe862\" data-element_type=\"section\" data-e-type=\"section\">\n\t\t\t\t\t\t<div class=\"elementor-container elementor-column-gap-default\">\n\t\t\t\t\t<div class=\"elementor-column elementor-col-100 elementor-top-column elementor-element elementor-element-bc4d387\" data-id=\"bc4d387\" data-element_type=\"column\" data-e-type=\"column\" data-settings=\"{&quot;background_background&quot;:&quot;classic&quot;}\">\n\t\t\t<div class=\"elementor-widget-wrap elementor-element-populated\">\n\t\t\t\t\t\t<div class=\"elementor-element elementor-element-5da5d0e elementor-widget elementor-widget-spacer\" data-id=\"5da5d0e\" data-element_type=\"widget\" data-e-type=\"widget\" data-widget_type=\"spacer.default\">\n\t\t\t\t<div class=\"elementor-widget-container\">\n\t\t\t\t\t\t\t<div class=\"elementor-spacer\">\n\t\t\t<div class=\"elementor-spacer-inner\"><\/div>\n\t\t<\/div>\n\t\t\t\t\t\t<\/div>\n\t\t\t\t<\/div>\n\t\t\t\t<div class=\"elementor-element elementor-element-aa5be65 elementor-widget elementor-widget-text-editor\" data-id=\"aa5be65\" data-element_type=\"widget\" data-e-type=\"widget\" data-widget_type=\"text-editor.default\">\n\t\t\t\t<div class=\"elementor-widget-container\">\n\t\t\t\t\t\t\t\t\t<p>es passereaux sont des fringilles. Ils sont verts, verd\u00e2tres ou jaun\u00e2tres, mais les couleurs varient selon la lumi\u00e8re et les saisons.<\/p><ul class=\"spip\"><li>Le tarin a des barres alaires tr\u00e8s visibles, des pattes noires.<\/li><li>Le serin cini a un croupion jaune tr\u00e8s visible en vol.<\/li><li>L\u2019aulne trahit souvent le tarin des aulnes.<\/li><li>Le venturon montagnard se trouve en montagne et le serin cini hiverne au sud d\u2019une ligne Bordeaux-Lyon.<\/li><\/ul><p>Lorsque l\u2019on prend un croquis, souvent tr\u00e8s rapide, on peut omettre des renseignements ou alors rester dans le flou.<br class=\"manualbr\" \/>Il vous sera donc difficile d\u2019identifier pr\u00e9cis\u00e9ment l\u2019esp\u00e8ce observ\u00e9e auparavant. Soyez vigilant\u00a0!<\/p><p><br class=\"manualbr\" \/>Il arrive parfois que l\u2019esp\u00e8ce observ\u00e9e pr\u00e9sente un comportement anormal.<br class=\"manualbr\" \/>C\u2019est le cas de cet oiseau arboricole amen\u00e9, avec le froid, \u00e0 venir se nourrir au sol. Il s\u2019agit probablement d\u2019un tarin.<\/p>\t\t\t\t\t\t\t\t<\/div>\n\t\t\t\t<\/div>\n\t\t\t\t\t<\/div>\n\t\t<\/div>\n\t\t\t\t\t<\/div>\n\t\t<\/section>\n\t\t\t\t<\/div>\n\t\t","protected":false},"excerpt":{"rendered":"<p>L\u2019automne est la saison id\u00e9ale pour observer la faune car les passereaux qui se pr\u00e9parent \u00e0 partir entra\u00eenent une grande agitation.<\/p>\n","protected":false},"author":11,"featured_media":0,"comment_status":"closed","ping_status":"closed","sticky":false,"template":"","format":"standard","meta":{"_seopress_robots_primary_cat":"","_seopress_titles_title":"","_seopress_titles_desc":"","_seopress_robots_index":"","site-sidebar-layout":"default","site-content-layout":"","ast-site-content-layout":"default","site-content-style":"default","site-sidebar-style":"default","ast-global-header-display":"","ast-banner-title-visibility":"","ast-main-header-display":"","ast-hfb-above-header-display":"","ast-hfb-below-header-display":"","ast-hfb-mobile-header-display":"","site-post-title":"","ast-breadcrumbs-content":"","ast-featured-img":"","footer-sml-layout":"","theme-transparent-header-meta":"","adv-header-id-meta":"","stick-header-meta":"","header-above-stick-meta":"","header-main-stick-meta":"","header-below-stick-meta":"","astra-migrate-meta-layouts":"set","ast-page-background-enabled":"default","ast-page-background-meta":{"desktop":{"background-color":"var(--ast-global-color-4)","background-image":"","background-repeat":"repeat","background-position":"center center","background-size":"auto","background-attachment":"scroll","background-type":"","background-media":"","overlay-type":"","overlay-color":"","overlay-opacity":"","overlay-gradient":""},"tablet":{"background-color":"","background-image":"","background-repeat":"repeat","background-position":"center center","background-size":"auto","background-attachment":"scroll","background-type":"","background-media":"","overlay-type":"","overlay-color":"","overlay-opacity":"","overlay-gradient":""},"mobile":{"background-color":"","background-image":"","background-repeat":"repeat","background-position":"center center","background-size":"auto","background-attachment":"scroll","background-type":"","background-media":"","overlay-type":"","overlay-color":"","overlay-opacity":"","overlay-gradient":""}},"ast-content-background-meta":{"desktop":{"background-color":"var(--ast-global-color-5)","background-image":"","background-repeat":"repeat","background-position":"center center","background-size":"auto","background-attachment":"scroll","background-type":"","background-media":"","overlay-type":"","overlay-color":"","overlay-opacity":"","overlay-gradient":""},"tablet":{"background-color":"var(--ast-global-color-5)","background-image":"","background-repeat":"repeat","background-position":"center center","background-size":"auto","background-attachment":"scroll","background-type":"","background-media":"","overlay-type":"","overlay-color":"","overlay-opacity":"","overlay-gradient":""},"mobile":{"background-color":"var(--ast-global-color-5)","background-image":"","background-repeat":"repeat","background-position":"center center","background-size":"auto","background-attachment":"scroll","background-type":"","background-media":"","overlay-type":"","overlay-color":"","overlay-opacity":"","overlay-gradient":""}},"footnotes":""},"categories":[21,76],"tags":[],"class_list":["post-2371","post","type-post","status-publish","format-standard","hentry","category-connaissance-de-la-nature","category-les-animaux"],"_links":{"self":[{"href":"https:\/\/www.scouts-europe.org\/scoutorama\/wp-json\/wp\/v2\/posts\/2371","targetHints":{"allow":["GET"]}}],"collection":[{"href":"https:\/\/www.scouts-europe.org\/scoutorama\/wp-json\/wp\/v2\/posts"}],"about":[{"href":"https:\/\/www.scouts-europe.org\/scoutorama\/wp-json\/wp\/v2\/types\/post"}],"author":[{"embeddable":true,"href":"https:\/\/www.scouts-europe.org\/scoutorama\/wp-json\/wp\/v2\/users\/11"}],"replies":[{"embeddable":true,"href":"https:\/\/www.scouts-europe.org\/scoutorama\/wp-json\/wp\/v2\/comments?post=2371"}],"version-history":[{"count":10,"href":"https:\/\/www.scouts-europe.org\/scoutorama\/wp-json\/wp\/v2\/posts\/2371\/revisions"}],"predecessor-version":[{"id":6017,"href":"https:\/\/www.scouts-europe.org\/scoutorama\/wp-json\/wp\/v2\/posts\/2371\/revisions\/6017"}],"wp:attachment":[{"href":"https:\/\/www.scouts-europe.org\/scoutorama\/wp-json\/wp\/v2\/media?parent=2371"}],"wp:term":[{"taxonomy":"category","embeddable":true,"href":"https:\/\/www.scouts-europe.org\/scoutorama\/wp-json\/wp\/v2\/categories?post=2371"},{"taxonomy":"post_tag","embeddable":true,"href":"https:\/\/www.scouts-europe.org\/scoutorama\/wp-json\/wp\/v2\/tags?post=2371"}],"curies":[{"name":"wp","href":"https:\/\/api.w.org\/{rel}","templated":true}]}}