{"id":2453,"date":"2024-12-03T11:20:01","date_gmt":"2024-12-03T10:20:01","guid":{"rendered":"https:\/\/www.scouts-europe.org\/scoutorama\/?p=2453"},"modified":"2025-02-11T11:59:19","modified_gmt":"2025-02-11T10:59:19","slug":"heritiers-de-la-foi","status":"publish","type":"post","link":"https:\/\/www.scouts-europe.org\/scoutorama\/heritiers-de-la-foi\/","title":{"rendered":"H\u00e9ritiers de la foi"},"content":{"rendered":"\t\t<div data-elementor-type=\"wp-post\" data-elementor-id=\"2453\" class=\"elementor elementor-2453\">\n\t\t\t\t\t\t<section class=\"elementor-section elementor-top-section elementor-element elementor-element-8041808 elementor-section-boxed elementor-section-height-default elementor-section-height-default\" data-id=\"8041808\" data-element_type=\"section\" data-e-type=\"section\">\n\t\t\t\t\t\t<div class=\"elementor-container elementor-column-gap-default\">\n\t\t\t\t\t<div class=\"elementor-column elementor-col-100 elementor-top-column elementor-element elementor-element-7caf085\" data-id=\"7caf085\" data-element_type=\"column\" data-e-type=\"column\" data-settings=\"{&quot;background_background&quot;:&quot;classic&quot;}\">\n\t\t\t<div class=\"elementor-widget-wrap elementor-element-populated\">\n\t\t\t\t\t\t<div class=\"elementor-element elementor-element-4eb47f7 elementor-widget elementor-widget-heading\" data-id=\"4eb47f7\" data-element_type=\"widget\" data-e-type=\"widget\" data-widget_type=\"heading.default\">\n\t\t\t\t<div class=\"elementor-widget-container\">\n\t\t\t\t\t<h2 class=\"elementor-heading-title elementor-size-default\">H\u00e9ritiers de la foi<\/h2>\t\t\t\t<\/div>\n\t\t\t\t<\/div>\n\t\t\t\t\t<\/div>\n\t\t<\/div>\n\t\t\t\t\t<\/div>\n\t\t<\/section>\n\t\t\t\t<section class=\"elementor-section elementor-top-section elementor-element elementor-element-721ab5e elementor-section-boxed elementor-section-height-default elementor-section-height-default\" data-id=\"721ab5e\" data-element_type=\"section\" data-e-type=\"section\">\n\t\t\t\t\t\t<div class=\"elementor-container elementor-column-gap-default\">\n\t\t\t\t\t<div class=\"elementor-column elementor-col-100 elementor-top-column elementor-element elementor-element-d46eb97\" data-id=\"d46eb97\" data-element_type=\"column\" data-e-type=\"column\" data-settings=\"{&quot;background_background&quot;:&quot;classic&quot;}\">\n\t\t\t<div class=\"elementor-widget-wrap elementor-element-populated\">\n\t\t\t\t\t\t<div class=\"elementor-element elementor-element-7dfb63b elementor-widget elementor-widget-spacer\" data-id=\"7dfb63b\" data-element_type=\"widget\" data-e-type=\"widget\" data-widget_type=\"spacer.default\">\n\t\t\t\t<div class=\"elementor-widget-container\">\n\t\t\t\t\t\t\t<div class=\"elementor-spacer\">\n\t\t\t<div class=\"elementor-spacer-inner\"><\/div>\n\t\t<\/div>\n\t\t\t\t\t\t<\/div>\n\t\t\t\t<\/div>\n\t\t\t\t<div class=\"elementor-element elementor-element-897ee51 elementor-widget elementor-widget-text-editor\" data-id=\"897ee51\" data-element_type=\"widget\" data-e-type=\"widget\" data-widget_type=\"text-editor.default\">\n\t\t\t\t<div class=\"elementor-widget-container\">\n\t\t\t\t\t\t\t\t\t<p>Il y a 2 000 ans\u2026 un tombeau vide\u00a0: \u00ab\u00a0Il est ressuscit\u00e9\u00a0!\u00a0\u00bb Un souffle puissant\u00a0: \u00ab\u00a0Je vous envoie\u00a0!\u00a0\u00bb<br class=\"autobr\" \/>Depuis 2 000 ans\u2026 des \u00e9v\u00eaques et des pr\u00eatres, des cat\u00e9chistes, des missionnaires, des parents, humbles t\u00e9moins transmettant aux nouvelles g\u00e9n\u00e9rations leur bien le plus pr\u00e9cieux\u00a0: Il est vivant\u00a0!<\/p>\t\t\t\t\t\t\t\t<\/div>\n\t\t\t\t<\/div>\n\t\t\t\t\t<\/div>\n\t\t<\/div>\n\t\t\t\t\t<\/div>\n\t\t<\/section>\n\t\t\t\t<section class=\"elementor-section elementor-top-section elementor-element elementor-element-f86d9d8 elementor-section-boxed elementor-section-height-default elementor-section-height-default\" data-id=\"f86d9d8\" data-element_type=\"section\" data-e-type=\"section\">\n\t\t\t\t\t\t<div class=\"elementor-container elementor-column-gap-default\">\n\t\t\t\t\t<div class=\"elementor-column elementor-col-100 elementor-top-column elementor-element elementor-element-14bf3b9\" data-id=\"14bf3b9\" data-element_type=\"column\" data-e-type=\"column\" data-settings=\"{&quot;background_background&quot;:&quot;classic&quot;}\">\n\t\t\t<div class=\"elementor-widget-wrap elementor-element-populated\">\n\t\t\t\t\t\t<div class=\"elementor-element elementor-element-9416390 elementor-widget elementor-widget-heading\" data-id=\"9416390\" data-element_type=\"widget\" data-e-type=\"widget\" data-widget_type=\"heading.default\">\n\t\t\t\t<div class=\"elementor-widget-container\">\n\t\t\t\t\t<h2 class=\"elementor-heading-title elementor-size-default\">Concile<\/h2>\t\t\t\t<\/div>\n\t\t\t\t<\/div>\n\t\t\t\t<div class=\"elementor-element elementor-element-a8e0aa7 elementor-widget elementor-widget-text-editor\" data-id=\"a8e0aa7\" data-element_type=\"widget\" data-e-type=\"widget\" data-widget_type=\"text-editor.default\">\n\t\t\t\t<div class=\"elementor-widget-container\">\n\t\t\t\t\t\t\t\t\t<p>C\u2019est une r\u00e9union de tous les \u00e9v\u00eaques des \u00c9glises locales afin de se mettre d\u2019accord sur des points essentiels. Nic\u00e9e (325) fut le premier, Vatican II (1962-1965) le 21\u00e8me.<br class=\"manualbr\" \/>Les premiers conciles ont servi \u00e0 pr\u00e9ciser des points de foi, bien souvent \u00e0 cause d\u2019interpr\u00e9tations qui prenaient mauvaise tournure\u00a0: les h\u00e9r\u00e9sies.<br class=\"autobr\" \/>D\u2019autres conciles (Trente au XVIe si\u00e8cle, Vatican I puis Vatican II), ont surtout servi \u00e0 \u00ab\u00a0remettre de l\u2019ordre\u00a0\u00bb dans les affaires de l\u2019\u00c9glise, \u00e0 se repositionner par rapport au monde.<\/p>\t\t\t\t\t\t\t\t<\/div>\n\t\t\t\t<\/div>\n\t\t\t\t\t<\/div>\n\t\t<\/div>\n\t\t\t\t\t<\/div>\n\t\t<\/section>\n\t\t\t\t<section class=\"elementor-section elementor-top-section elementor-element elementor-element-a1bb7ea elementor-section-boxed elementor-section-height-default elementor-section-height-default\" data-id=\"a1bb7ea\" data-element_type=\"section\" data-e-type=\"section\">\n\t\t\t\t\t\t<div class=\"elementor-container elementor-column-gap-default\">\n\t\t\t\t\t<div class=\"elementor-column elementor-col-100 elementor-top-column elementor-element elementor-element-731f1ec\" data-id=\"731f1ec\" data-element_type=\"column\" data-e-type=\"column\" data-settings=\"{&quot;background_background&quot;:&quot;classic&quot;}\">\n\t\t\t<div class=\"elementor-widget-wrap elementor-element-populated\">\n\t\t\t\t\t\t<div class=\"elementor-element elementor-element-3be99dd elementor-widget elementor-widget-heading\" data-id=\"3be99dd\" data-element_type=\"widget\" data-e-type=\"widget\" data-widget_type=\"heading.default\">\n\t\t\t\t<div class=\"elementor-widget-container\">\n\t\t\t\t\t<h2 class=\"elementor-heading-title elementor-size-default\">Bapt\u00eame<\/h2>\t\t\t\t<\/div>\n\t\t\t\t<\/div>\n\t\t\t\t<div class=\"elementor-element elementor-element-0c9fee8 elementor-widget elementor-widget-text-editor\" data-id=\"0c9fee8\" data-element_type=\"widget\" data-e-type=\"widget\" data-widget_type=\"text-editor.default\">\n\t\t\t\t<div class=\"elementor-widget-container\">\n\t\t\t\t\t\t\t\t\t<p>Lors d\u2019un bapt\u00eame, il y a toujours profession de foi, avec les mots \u00ab\u00a0officiels\u00a0\u00bb. Car nous sommes baptis\u00e9s \u00ab\u00a0dans la foi de l\u2019\u00c9glise qui vient d\u2019\u00eatre proclam\u00e9e\u00a0\u00bb.<\/p>\t\t\t\t\t\t\t\t<\/div>\n\t\t\t\t<\/div>\n\t\t\t\t\t<\/div>\n\t\t<\/div>\n\t\t\t\t\t<\/div>\n\t\t<\/section>\n\t\t\t\t<section class=\"elementor-section elementor-top-section elementor-element elementor-element-4f3b065 elementor-section-boxed elementor-section-height-default elementor-section-height-default\" data-id=\"4f3b065\" data-element_type=\"section\" data-e-type=\"section\">\n\t\t\t\t\t\t<div class=\"elementor-container elementor-column-gap-default\">\n\t\t\t\t\t<div class=\"elementor-column elementor-col-100 elementor-top-column elementor-element elementor-element-aaabab1\" data-id=\"aaabab1\" data-element_type=\"column\" data-e-type=\"column\" data-settings=\"{&quot;background_background&quot;:&quot;classic&quot;}\">\n\t\t\t<div class=\"elementor-widget-wrap elementor-element-populated\">\n\t\t\t\t\t\t<div class=\"elementor-element elementor-element-76cf652 elementor-widget elementor-widget-heading\" data-id=\"76cf652\" data-element_type=\"widget\" data-e-type=\"widget\" data-widget_type=\"heading.default\">\n\t\t\t\t<div class=\"elementor-widget-container\">\n\t\t\t\t\t<h2 class=\"elementor-heading-title elementor-size-default\">Unit\u00e9 ?<\/h2>\t\t\t\t<\/div>\n\t\t\t\t<\/div>\n\t\t\t\t<div class=\"elementor-element elementor-element-b2e37cd elementor-widget elementor-widget-text-editor\" data-id=\"b2e37cd\" data-element_type=\"widget\" data-e-type=\"widget\" data-widget_type=\"text-editor.default\">\n\t\t\t\t<div class=\"elementor-widget-container\">\n\t\t\t\t\t\t\t\t\t<ul class=\"spip\"><li>D\u00e8s les premiers temps de l\u2019\u00c9glise il y a eu des discussions (relire les Actes des ap\u00f4tres)\u2026<br class=\"manualbr\" \/>Cela se r\u00e9glait assez vite, et les ap\u00f4tres n\u2019h\u00e9sitaient pas \u00e0 prendre la plume, ou la route, pour tout remettre en ordre.<br class=\"manualbr\" \/>Mais h\u00e9las au fil du temps, des divergences n\u2019ont pu \u00eatre surmont\u00e9es\u00a0: querelles d\u2019interpr\u00e9tation de la foi, querelles de pouvoir, parfois simple incompr\u00e9hension. Ainsi sont n\u00e9es, au fil du temps, les diff\u00e9rentes \u00c9glises\u00a0:<br class=\"manualbr\" \/>Les \u00c9glises orthodoxes se sont s\u00e9par\u00e9es en 1054 \u00e0 cause du r\u00f4le attribu\u00e9 \u00e0 l\u2019Esprit Saint, par refus du \u00ab\u00a0pouvoir\u00a0\u00bb de l\u2019\u00e9v\u00eaque de Rome, \u00e0 cause aussi, simplement, de l\u2019\u00e9cart des langues et des coutumes, qui cr\u00e9eront de fait deux fa\u00e7ons diff\u00e9rentes de \u00ab\u00a0pratiquer\u00a0\u00bb.<\/li><\/ul><ul class=\"spip\"><li>Les \u00c9glises protestantes sont n\u00e9es au XVIe si\u00e8cle avec Luther (1517) et Calvin (1541). Ils reprochaient \u00e0 l\u2019\u00c9glise certains d\u00e9fauts\u2026 pas tout \u00e0 fait \u00e0 tort, puisque le Pape dut convoquer le concile de Trente (1545-1563) pour \u00ab\u00a0remettre de l\u2019ordre dans la maison\u00a0\u00bb.<\/li><\/ul><ul class=\"spip\"><li>L\u2019\u00c9glise anglicane na\u00eet aussi en ce temps-l\u00e0 (1532), Henry VIII, roi d\u2019Angleterre, ne supportant pas que le Pape ose lui interdire de se remarier apr\u00e8s avoir mis sa pr\u00e9c\u00e9dente \u00e9pouse \u00e0 la porte\u2026<br class=\"manualbr\" \/>Aujourd\u2019hui, le retour \u00e0 l\u2019unit\u00e9 des \u00c9glises est une pr\u00e9occupation constante du Pape et des \u00e9v\u00eaques\u00a0; il ne s\u2019agit pas de dire \u00ab\u00a0tous pareils\u00a0\u00bb\u00a0: dans une fratrie, tous les fr\u00e8res et s\u0153urs se ressemblent-ils\u00a0? Mais il s\u2019agit de reconstituer les liens d\u2019amour dans la famille des chr\u00e9tiens pour qu\u2019en nous voyant vivre les hommes voient l\u2019amour du Christ. C\u2019est le mouvement \u0153cum\u00e9nique.<\/li><\/ul>\t\t\t\t\t\t\t\t<\/div>\n\t\t\t\t<\/div>\n\t\t\t\t\t<\/div>\n\t\t<\/div>\n\t\t\t\t\t<\/div>\n\t\t<\/section>\n\t\t\t\t<section class=\"elementor-section elementor-top-section elementor-element elementor-element-c77f4cc elementor-section-boxed elementor-section-height-default elementor-section-height-default\" data-id=\"c77f4cc\" data-element_type=\"section\" data-e-type=\"section\">\n\t\t\t\t\t\t<div class=\"elementor-container elementor-column-gap-default\">\n\t\t\t\t\t<div class=\"elementor-column elementor-col-100 elementor-top-column elementor-element elementor-element-0aa3399\" data-id=\"0aa3399\" data-element_type=\"column\" data-e-type=\"column\" data-settings=\"{&quot;background_background&quot;:&quot;classic&quot;}\">\n\t\t\t<div class=\"elementor-widget-wrap elementor-element-populated\">\n\t\t\t\t\t\t<div class=\"elementor-element elementor-element-f7b69c7 elementor-widget elementor-widget-heading\" data-id=\"f7b69c7\" data-element_type=\"widget\" data-e-type=\"widget\" data-widget_type=\"heading.default\">\n\t\t\t\t<div class=\"elementor-widget-container\">\n\t\t\t\t\t<h2 class=\"elementor-heading-title elementor-size-default\">Symbole<\/h2>\t\t\t\t<\/div>\n\t\t\t\t<\/div>\n\t\t\t\t<div class=\"elementor-element elementor-element-94ae46d elementor-widget elementor-widget-text-editor\" data-id=\"94ae46d\" data-element_type=\"widget\" data-e-type=\"widget\" data-widget_type=\"text-editor.default\">\n\t\t\t\t<div class=\"elementor-widget-container\">\n\t\t\t\t\t\t\t\t\t<p>En usage depuis l\u2019Antiquit\u00e9, il s\u2019agissait d\u2019un objet que deux personnes coupaient en deux, chacune en conservant une moiti\u00e9, pour se faire reconna\u00eetre comme l\u00e9gitime lors d\u2019une transaction ou d\u2019un h\u00e9ritage.<br class=\"manualbr\" \/>Pour les chr\u00e9tiens, le Symbole, le Credo, est un objet de reconnaissance. C\u2019est \u00e0 notre Foi que nous nous reconnaissons chr\u00e9tiens, membres de la m\u00eame communaut\u00e9.<\/p>\t\t\t\t\t\t\t\t<\/div>\n\t\t\t\t<\/div>\n\t\t\t\t\t<\/div>\n\t\t<\/div>\n\t\t\t\t\t<\/div>\n\t\t<\/section>\n\t\t\t\t<section class=\"elementor-section elementor-top-section elementor-element elementor-element-bec3acb elementor-section-boxed elementor-section-height-default elementor-section-height-default\" data-id=\"bec3acb\" data-element_type=\"section\" data-e-type=\"section\">\n\t\t\t\t\t\t<div class=\"elementor-container elementor-column-gap-default\">\n\t\t\t\t\t<div class=\"elementor-column elementor-col-100 elementor-top-column elementor-element elementor-element-7e01af6\" data-id=\"7e01af6\" data-element_type=\"column\" data-e-type=\"column\" data-settings=\"{&quot;background_background&quot;:&quot;classic&quot;}\">\n\t\t\t<div class=\"elementor-widget-wrap elementor-element-populated\">\n\t\t\t\t\t\t<div class=\"elementor-element elementor-element-c002800 elementor-widget elementor-widget-heading\" data-id=\"c002800\" data-element_type=\"widget\" data-e-type=\"widget\" data-widget_type=\"heading.default\">\n\t\t\t\t<div class=\"elementor-widget-container\">\n\t\t\t\t\t<h2 class=\"elementor-heading-title elementor-size-default\">La Foi\u2026 Je crois !<\/h2>\t\t\t\t<\/div>\n\t\t\t\t<\/div>\n\t\t\t\t<div class=\"elementor-element elementor-element-2adf812 elementor-widget elementor-widget-text-editor\" data-id=\"2adf812\" data-element_type=\"widget\" data-e-type=\"widget\" data-widget_type=\"text-editor.default\">\n\t\t\t\t<div class=\"elementor-widget-container\">\n\t\t\t\t\t\t\t\t\t<p>D\u00e8s les premiers si\u00e8cles, il a paru n\u00e9cessaire de d\u00e9finir la foi en Christ, pour que tous parlent \u00ab\u00a0la m\u00eame langue de la foi\u00a0\u00bb.<br class=\"manualbr\" \/>Les \u00e9v\u00eaques de toutes les \u00c9glises locales se r\u00e9unissent\u00a0: c\u2019est le premier concile, \u00e0 Nic\u00e9e en 325 suivi de celui de Constantinople en 381. De ces deux premiers conciles sortira le Credo, ou \u00ab\u00a0Symbole de Nic\u00e9e-Constantinople\u00a0\u00bb tel que tu le r\u00e9cites encore \u00e0 ce jour. Pas mal pour un texte de seize si\u00e8cles\u00a0!<br class=\"manualbr\" \/>\u00c0 la Messe, lorsque nous r\u00e9citons le Credo, le pr\u00eatre est tenu d\u2019en avoir le texte sous les yeux\u00a0: ce n\u2019est pas sa foi, mais celle de l\u2019\u00c9glise, et il n\u2019a pas le droit de se tromper.<\/p>\t\t\t\t\t\t\t\t<\/div>\n\t\t\t\t<\/div>\n\t\t\t\t\t<\/div>\n\t\t<\/div>\n\t\t\t\t\t<\/div>\n\t\t<\/section>\n\t\t\t\t<section class=\"elementor-section elementor-top-section elementor-element elementor-element-e8cb7be elementor-section-boxed elementor-section-height-default elementor-section-height-default\" data-id=\"e8cb7be\" data-element_type=\"section\" data-e-type=\"section\">\n\t\t\t\t\t\t<div class=\"elementor-container elementor-column-gap-default\">\n\t\t\t\t\t<div class=\"elementor-column elementor-col-100 elementor-top-column elementor-element elementor-element-9d91608\" data-id=\"9d91608\" data-element_type=\"column\" data-e-type=\"column\" data-settings=\"{&quot;background_background&quot;:&quot;classic&quot;}\">\n\t\t\t<div class=\"elementor-widget-wrap elementor-element-populated\">\n\t\t\t\t\t\t<div class=\"elementor-element elementor-element-59e5745 elementor-widget elementor-widget-heading\" data-id=\"59e5745\" data-element_type=\"widget\" data-e-type=\"widget\" data-widget_type=\"heading.default\">\n\t\t\t\t<div class=\"elementor-widget-container\">\n\t\t\t\t\t<h2 class=\"elementor-heading-title elementor-size-default\">H\u00e9r\u00e9sies<\/h2>\t\t\t\t<\/div>\n\t\t\t\t<\/div>\n\t\t\t\t<div class=\"elementor-element elementor-element-93af00a elementor-widget elementor-widget-text-editor\" data-id=\"93af00a\" data-element_type=\"widget\" data-e-type=\"widget\" data-widget_type=\"text-editor.default\">\n\t\t\t\t<div class=\"elementor-widget-container\">\n\t\t\t\t\t\t\t\t\t<ul class=\"spip\"><li>Voici quelques-unes des \u00ab\u00a0grandes\u00a0\u00bb h\u00e9r\u00e9sies, interpr\u00e9tations erron\u00e9es de la foi (ou ajustement \u00e0 notre pens\u00e9e humaine).<br class=\"manualbr\" \/>Aujourd\u2019hui encore, n\u2019a-t-on pas tendance \u00e0 tomber dans les m\u00eames erreurs\u00a0? La gnose\u00a0: refus de Dieu et de l\u2019incarnation. Existence d\u2019une \u00ab\u00a0force cosmique\u00a0\u00bb\u2026 fort diffuse. Le New \u00c2ge est-il si loin\u00a0?<\/li><\/ul><ul class=\"spip\"><li>Les manich\u00e9ens (vers 250)\u00a0: le monde est mauvais, la vie horrible. Les manich\u00e9ens se retirent du monde (\u00e0 l\u2019image des moines ermites qui apparaissent \u00e0 cette \u00e9poque) mais par fuite et non par amour\u2026<\/li><\/ul><ul class=\"spip\"><li>L\u2019arianisme (vers 300)\u00a0: J\u00e9sus est une cr\u00e9ature exceptionnelle, la meilleure des cr\u00e9atures, voire m\u00eame le fils de Dieu\u2026 mais certainement pas \u00e9gale \u00e0 Dieu. Le concile de Nic\u00e9e y r\u00e9pond par le Credo.<\/li><\/ul><ul class=\"spip\"><li>Le P\u00e9lagianisme (vers 400)\u00a0: l\u2019homme est naturellement bon, le p\u00e9ch\u00e9 originel n\u2019existe pas. L\u2019homme a tout en lui pour se sauver lui-m\u00eame. Saint Augustin se battra avec acharnement contre cette h\u00e9r\u00e9sie. Beaucoup de nos contemporains ne comptent-ils pas sur leurs propres forces pour faire leur chemin\u00a0?<\/li><\/ul>\t\t\t\t\t\t\t\t<\/div>\n\t\t\t\t<\/div>\n\t\t\t\t\t<\/div>\n\t\t<\/div>\n\t\t\t\t\t<\/div>\n\t\t<\/section>\n\t\t\t\t<\/div>\n\t\t","protected":false},"excerpt":{"rendered":"<p>Il y a 2 000 ans\u2026 un tombeau vide\u00a0: \u00ab\u00a0Il est ressuscit\u00e9\u00a0!\u00a0\u00bb Un souffle puissant\u00a0: \u00ab\u00a0Je vous envoie\u00a0!\u00a0\u00bb<\/p>\n","protected":false},"author":11,"featured_media":0,"comment_status":"closed","ping_status":"closed","sticky":false,"template":"","format":"standard","meta":{"_seopress_robots_primary_cat":"","_seopress_titles_title":"","_seopress_titles_desc":"","_seopress_robots_index":"","site-sidebar-layout":"default","site-content-layout":"","ast-site-content-layout":"default","site-content-style":"default","site-sidebar-style":"default","ast-global-header-display":"","ast-banner-title-visibility":"","ast-main-header-display":"","ast-hfb-above-header-display":"","ast-hfb-below-header-display":"","ast-hfb-mobile-header-display":"","site-post-title":"","ast-breadcrumbs-content":"","ast-featured-img":"","footer-sml-layout":"","theme-transparent-header-meta":"","adv-header-id-meta":"","stick-header-meta":"","header-above-stick-meta":"","header-main-stick-meta":"","header-below-stick-meta":"","astra-migrate-meta-layouts":"set","ast-page-background-enabled":"default","ast-page-background-meta":{"desktop":{"background-color":"var(--ast-global-color-4)","background-image":"","background-repeat":"repeat","background-position":"center center","background-size":"auto","background-attachment":"scroll","background-type":"","background-media":"","overlay-type":"","overlay-color":"","overlay-opacity":"","overlay-gradient":""},"tablet":{"background-color":"","background-image":"","background-repeat":"repeat","background-position":"center center","background-size":"auto","background-attachment":"scroll","background-type":"","background-media":"","overlay-type":"","overlay-color":"","overlay-opacity":"","overlay-gradient":""},"mobile":{"background-color":"","background-image":"","background-repeat":"repeat","background-position":"center center","background-size":"auto","background-attachment":"scroll","background-type":"","background-media":"","overlay-type":"","overlay-color":"","overlay-opacity":"","overlay-gradient":""}},"ast-content-background-meta":{"desktop":{"background-color":"var(--ast-global-color-5)","background-image":"","background-repeat":"repeat","background-position":"center center","background-size":"auto","background-attachment":"scroll","background-type":"","background-media":"","overlay-type":"","overlay-color":"","overlay-opacity":"","overlay-gradient":""},"tablet":{"background-color":"var(--ast-global-color-5)","background-image":"","background-repeat":"repeat","background-position":"center center","background-size":"auto","background-attachment":"scroll","background-type":"","background-media":"","overlay-type":"","overlay-color":"","overlay-opacity":"","overlay-gradient":""},"mobile":{"background-color":"var(--ast-global-color-5)","background-image":"","background-repeat":"repeat","background-position":"center center","background-size":"auto","background-attachment":"scroll","background-type":"","background-media":"","overlay-type":"","overlay-color":"","overlay-opacity":"","overlay-gradient":""}},"footnotes":""},"categories":[20,40],"tags":[],"class_list":["post-2453","post","type-post","status-publish","format-standard","hentry","category-connaissance-de-dieu","category-eglise"],"_links":{"self":[{"href":"https:\/\/www.scouts-europe.org\/scoutorama\/wp-json\/wp\/v2\/posts\/2453","targetHints":{"allow":["GET"]}}],"collection":[{"href":"https:\/\/www.scouts-europe.org\/scoutorama\/wp-json\/wp\/v2\/posts"}],"about":[{"href":"https:\/\/www.scouts-europe.org\/scoutorama\/wp-json\/wp\/v2\/types\/post"}],"author":[{"embeddable":true,"href":"https:\/\/www.scouts-europe.org\/scoutorama\/wp-json\/wp\/v2\/users\/11"}],"replies":[{"embeddable":true,"href":"https:\/\/www.scouts-europe.org\/scoutorama\/wp-json\/wp\/v2\/comments?post=2453"}],"version-history":[{"count":10,"href":"https:\/\/www.scouts-europe.org\/scoutorama\/wp-json\/wp\/v2\/posts\/2453\/revisions"}],"predecessor-version":[{"id":5972,"href":"https:\/\/www.scouts-europe.org\/scoutorama\/wp-json\/wp\/v2\/posts\/2453\/revisions\/5972"}],"wp:attachment":[{"href":"https:\/\/www.scouts-europe.org\/scoutorama\/wp-json\/wp\/v2\/media?parent=2453"}],"wp:term":[{"taxonomy":"category","embeddable":true,"href":"https:\/\/www.scouts-europe.org\/scoutorama\/wp-json\/wp\/v2\/categories?post=2453"},{"taxonomy":"post_tag","embeddable":true,"href":"https:\/\/www.scouts-europe.org\/scoutorama\/wp-json\/wp\/v2\/tags?post=2453"}],"curies":[{"name":"wp","href":"https:\/\/api.w.org\/{rel}","templated":true}]}}