{"id":2468,"date":"2024-12-03T11:31:03","date_gmt":"2024-12-03T10:31:03","guid":{"rendered":"https:\/\/www.scouts-europe.org\/scoutorama\/?p=2468"},"modified":"2025-02-11T11:58:33","modified_gmt":"2025-02-11T10:58:33","slug":"la-liturgie","status":"publish","type":"post","link":"https:\/\/www.scouts-europe.org\/scoutorama\/la-liturgie\/","title":{"rendered":"La liturgie"},"content":{"rendered":"\t\t<div data-elementor-type=\"wp-post\" data-elementor-id=\"2468\" class=\"elementor elementor-2468\">\n\t\t\t\t\t\t<section class=\"elementor-section elementor-top-section elementor-element elementor-element-8041808 elementor-section-boxed elementor-section-height-default elementor-section-height-default\" data-id=\"8041808\" data-element_type=\"section\" data-e-type=\"section\">\n\t\t\t\t\t\t<div class=\"elementor-container elementor-column-gap-default\">\n\t\t\t\t\t<div class=\"elementor-column elementor-col-100 elementor-top-column elementor-element elementor-element-7caf085\" data-id=\"7caf085\" data-element_type=\"column\" data-e-type=\"column\" data-settings=\"{&quot;background_background&quot;:&quot;classic&quot;}\">\n\t\t\t<div class=\"elementor-widget-wrap elementor-element-populated\">\n\t\t\t\t\t\t<div class=\"elementor-element elementor-element-4eb47f7 elementor-widget elementor-widget-heading\" data-id=\"4eb47f7\" data-element_type=\"widget\" data-e-type=\"widget\" data-widget_type=\"heading.default\">\n\t\t\t\t<div class=\"elementor-widget-container\">\n\t\t\t\t\t<h2 class=\"elementor-heading-title elementor-size-default\">La liturgie<\/h2>\t\t\t\t<\/div>\n\t\t\t\t<\/div>\n\t\t\t\t\t<\/div>\n\t\t<\/div>\n\t\t\t\t\t<\/div>\n\t\t<\/section>\n\t\t\t\t<section class=\"elementor-section elementor-top-section elementor-element elementor-element-721ab5e elementor-section-boxed elementor-section-height-default elementor-section-height-default\" data-id=\"721ab5e\" data-element_type=\"section\" data-e-type=\"section\">\n\t\t\t\t\t\t<div class=\"elementor-container elementor-column-gap-default\">\n\t\t\t\t\t<div class=\"elementor-column elementor-col-100 elementor-top-column elementor-element elementor-element-d46eb97\" data-id=\"d46eb97\" data-element_type=\"column\" data-e-type=\"column\" data-settings=\"{&quot;background_background&quot;:&quot;classic&quot;}\">\n\t\t\t<div class=\"elementor-widget-wrap elementor-element-populated\">\n\t\t\t\t\t\t<div class=\"elementor-element elementor-element-7dfb63b elementor-widget elementor-widget-spacer\" data-id=\"7dfb63b\" data-element_type=\"widget\" data-e-type=\"widget\" data-widget_type=\"spacer.default\">\n\t\t\t\t<div class=\"elementor-widget-container\">\n\t\t\t\t\t\t\t<div class=\"elementor-spacer\">\n\t\t\t<div class=\"elementor-spacer-inner\"><\/div>\n\t\t<\/div>\n\t\t\t\t\t\t<\/div>\n\t\t\t\t<\/div>\n\t\t\t\t<div class=\"elementor-element elementor-element-15a4731 elementor-widget elementor-widget-heading\" data-id=\"15a4731\" data-element_type=\"widget\" data-e-type=\"widget\" data-widget_type=\"heading.default\">\n\t\t\t\t<div class=\"elementor-widget-container\">\n\t\t\t\t\t<h2 class=\"elementor-heading-title elementor-size-default\">Les temps liturgiques<\/h2>\t\t\t\t<\/div>\n\t\t\t\t<\/div>\n\t\t\t\t<div class=\"elementor-element elementor-element-897ee51 elementor-widget elementor-widget-text-editor\" data-id=\"897ee51\" data-element_type=\"widget\" data-e-type=\"widget\" data-widget_type=\"text-editor.default\">\n\t\t\t\t<div class=\"elementor-widget-container\">\n\t\t\t\t\t\t\t\t\t<div id=\"chapo_article\"><div id=\"chapo_article li\"><div id=\"chapo\" class=\"coul_dominante\"><div id=\"chapo_article\"><div id=\"chapo_article li\"><p>La liturgie (la pri\u00e8re officielle de l\u2019Eglise) se d\u00e9ploie durant toute une ann\u00e9e selon les grandes f\u00eates du Christ (P\u00e2ques et No\u00ebl).<\/p><\/div><\/div><\/div><div id=\"ArticleText\"><p>Voici, pr\u00e9sent\u00e9e, sous forme d\u2019une roue, l\u2019ann\u00e9e liturgique et les [couleurs-&gt;art123 qui sont associ\u00e9es \u00e0 chaque temps liturgique. On retrouve ces quatre couleurs sur les ornements (\u00e9tole et chasuble) du pr\u00eatre.<\/p><\/div><\/div><\/div>\t\t\t\t\t\t\t\t<\/div>\n\t\t\t\t<\/div>\n\t\t\t\t<div class=\"elementor-element elementor-element-2fc6636 elementor-widget elementor-widget-image\" data-id=\"2fc6636\" data-element_type=\"widget\" data-e-type=\"widget\" data-widget_type=\"image.default\">\n\t\t\t\t<div class=\"elementor-widget-container\">\n\t\t\t\t\t\t\t\t\t\t\t\t\t\t\t<img fetchpriority=\"high\" decoding=\"async\" width=\"400\" height=\"400\" src=\"https:\/\/www.scouts-europe.org\/scoutorama\/wp-content\/uploads\/sites\/99\/2024\/12\/couleurs-liturgiques-0217d.png\" class=\"attachment-large size-large wp-image-2470\" alt=\"couleurs liturgiques 0217d\" srcset=\"https:\/\/www.scouts-europe.org\/scoutorama\/wp-content\/uploads\/sites\/99\/2024\/12\/couleurs-liturgiques-0217d.png 400w, https:\/\/www.scouts-europe.org\/scoutorama\/wp-content\/uploads\/sites\/99\/2024\/12\/couleurs-liturgiques-0217d-300x300.png 300w, https:\/\/www.scouts-europe.org\/scoutorama\/wp-content\/uploads\/sites\/99\/2024\/12\/couleurs-liturgiques-0217d-150x150.png 150w\" sizes=\"(max-width: 400px) 100vw, 400px\" \/>\t\t\t\t\t\t\t\t\t\t\t\t\t\t\t<\/div>\n\t\t\t\t<\/div>\n\t\t\t\t\t<\/div>\n\t\t<\/div>\n\t\t\t\t\t<\/div>\n\t\t<\/section>\n\t\t\t\t<section class=\"elementor-section elementor-top-section elementor-element elementor-element-6c6dc73 elementor-section-boxed elementor-section-height-default elementor-section-height-default\" data-id=\"6c6dc73\" data-element_type=\"section\" data-e-type=\"section\">\n\t\t\t\t\t\t<div class=\"elementor-container elementor-column-gap-default\">\n\t\t\t\t\t<div class=\"elementor-column elementor-col-100 elementor-top-column elementor-element elementor-element-8f44500\" data-id=\"8f44500\" data-element_type=\"column\" data-e-type=\"column\" data-settings=\"{&quot;background_background&quot;:&quot;classic&quot;}\">\n\t\t\t<div class=\"elementor-widget-wrap elementor-element-populated\">\n\t\t\t\t\t\t<div class=\"elementor-element elementor-element-167ad3e elementor-widget elementor-widget-spacer\" data-id=\"167ad3e\" data-element_type=\"widget\" data-e-type=\"widget\" data-widget_type=\"spacer.default\">\n\t\t\t\t<div class=\"elementor-widget-container\">\n\t\t\t\t\t\t\t<div class=\"elementor-spacer\">\n\t\t\t<div class=\"elementor-spacer-inner\"><\/div>\n\t\t<\/div>\n\t\t\t\t\t\t<\/div>\n\t\t\t\t<\/div>\n\t\t\t\t<div class=\"elementor-element elementor-element-55bf799 elementor-widget elementor-widget-heading\" data-id=\"55bf799\" data-element_type=\"widget\" data-e-type=\"widget\" data-widget_type=\"heading.default\">\n\t\t\t\t<div class=\"elementor-widget-container\">\n\t\t\t\t\t<h2 class=\"elementor-heading-title elementor-size-default\">Les couleurs liturgiques<\/h2>\t\t\t\t<\/div>\n\t\t\t\t<\/div>\n\t\t\t\t<div class=\"elementor-element elementor-element-59d1863 elementor-widget elementor-widget-text-editor\" data-id=\"59d1863\" data-element_type=\"widget\" data-e-type=\"widget\" data-widget_type=\"text-editor.default\">\n\t\t\t\t<div class=\"elementor-widget-container\">\n\t\t\t\t\t\t\t\t\t<div id=\"chapo_article\"><div id=\"chapo_article li\"><div id=\"chapo\" class=\"coul_dominante\"><div id=\"chapo_article\"><div id=\"chapo_article li\"><p>Tout au long de l\u2019ann\u00e9e, au long de l\u2019ann\u00e9e liturgique, tu peux voir que la couleur liturgique change en fonction de la p\u00e9riode.<\/p><p>Il existe quatre couleurs\u00a0:<\/p><\/div><\/div><\/div><\/div><\/div>\t\t\t\t\t\t\t\t<\/div>\n\t\t\t\t<\/div>\n\t\t\t\t<div class=\"elementor-element elementor-element-d639763 elementor-widget elementor-widget-text-editor\" data-id=\"d639763\" data-element_type=\"widget\" data-e-type=\"widget\" data-widget_type=\"text-editor.default\">\n\t\t\t\t<div class=\"elementor-widget-container\">\n\t\t\t\t\t\t\t\t\t<h3 class=\"spip\">Le blanc<\/h3><p>Couleur de la R\u00e9surrection, couleur de la Gloire de Dieu.<\/p><p>Peu de temps avant de mourir, J\u00e9sus s\u2019est montr\u00e9 \u00e0 trois ap\u00f4tres rev\u00eatu d\u2019un v\u00eatement blanc \u00e9blouissant, avec une \u00e9trange lumi\u00e8re qui rayonnait, semblant venir d\u2019au dedans de lui\u00a0: c\u2019est la Transfiguration (<i>Marc 8<\/i>). J\u00e9sus montrait \u00e0 ses ap\u00f4tres ce que serait sa gloire dans le ciel.<\/p><p>Jean, l\u2019\u00c9vang\u00e9liste, a vu lui aussi des hommes habill\u00e9s d\u2019un blanc \u00e9blouissant\u00a0: tous ceux qui vivent clans le Royaume de Dieu, et partagent sa gloire (<i>Apocalypse 7<\/i>).<\/p><p>Toute l\u2019\u00c9glise est d\u00e9cor\u00e9e de blanc pour les grandes f\u00eates\u00a0:<\/p><ul class=\"spip\"><li>P\u00e2ques, bien s\u00fbr, la premi\u00e8re des f\u00eates, et tout le temps Pascal,<\/li><li>No\u00ebl, et le temps de No\u00ebl,<\/li><li>les autres f\u00eates de Notre-Seigneur, de la Sainte Trinit\u00e9,<\/li><li>la Toussaint,<\/li><li>un bapt\u00eame, un mariage,<\/li><li>les f\u00eates de Notre-Dame, des anges, des saints et saintes non-martyrs.<\/li><\/ul><p>A chaque messe, le pr\u00eatre porte une aube blanche . Ce v\u00eatement nous rappelle notre bapt\u00eame par lequel nous avons rev\u00eatu le Christ ressuscit\u00e9. Il rappelle qu\u2019un jour nous serons habill\u00e9s de blanc dans le Royaume (n\u2019est-ce pas cela, le plus important \u00e0 savoir\u00a0?).<br class=\"manualbr\" \/>Et toi, n\u2019oublie pas que le v\u00eatement blanc de ton bapt\u00eame est un signe de ce v\u00eatement de saintet\u00e9 que tu porteras un jour. \u00c0 toi de le garder pur\u00a0: le sang du Christ le purifie chaque fois que tu reviens vers Dieu de tout ton c\u0153ur, dans le sacrement de r\u00e9conciliation, pour ce moment o\u00f9 tu para\u00eetras devant Dieu\u2026 pour te r\u00e9jouir enfin, \u00e9ternellement, avec Lui.<\/p><h3 class=\"spip\">Le vert<\/h3><p>Couleur de la nature qui pousse au printemps.<\/p><p>Toi qui vis dans la nature, toi qui observes, tu sais bien qu\u2019il faut du temps pour qu\u2019une plante grandisse, qu\u2019\u00e0 la sortie de l\u2019hiver elle n\u2019est souvent qu\u2019une petite pousse, et que les couleurs de la fleur ne viendront qu\u2019apr\u00e8s le temps des tiges et des feuilles vertes.<br class=\"manualbr\" \/>Tu sais aussi qu\u2019on ne voit pas pousser les tiges chaque jour, mais que vient un moment o\u00f9 on se rend compte qu\u2019elles sont hautes et que les boutons sont pr\u00eats \u00e0 \u00e9clore\u2026<br class=\"manualbr\" \/>Dans l\u2019\u00c9glise, ce temps o\u00f9 nous grandissons dans la foi, petit \u00e0 petit, c\u2019est le temps liturgique \u00ab\u00a0ordinaire\u00a0\u00bb. On distingue\u00a0: le temps des grands myst\u00e8res du salut (No\u00ebl, P\u00e2ques,\u2026), et le temps \u00ab\u00a0ordinaire\u00a0\u00bb, qui n\u2019est pas banal pour autant.<br class=\"manualbr\" \/>Lorsque tu vois le pr\u00eatre rev\u00eatu de vert, pense que c\u2019est chaque jour, dans le silence et dans la discr\u00e9tion, que tu dois grandir\u00a0: par la pri\u00e8re, par la lecture de la Bible, par la pratique de la BA, par ton travail fait consciencieusement, par toute ta vie.<\/p><p>\u00a0<\/p><h3 class=\"spip\">Le violet<\/h3><p>Couleur sombre qui exprime une certaine aust\u00e9rit\u00e9.<\/p><p>L\u2019\u00c9glise a choisi cette couleur pour les temps d\u2019attente, de conversion, de p\u00e9nitence\u00a0:<\/p><ul class=\"spip\"><li>l\u2019Avent, qui pr\u00e9c\u00e8de No\u00ebl,<\/li><li>le Car\u00eame, qui pr\u00e9pare P\u00e2ques,<\/li><li>le sacrement de r\u00e9conciliation,<\/li><li>les messes pour les d\u00e9funts.<br class=\"manualbr\" \/>Quand tu vois le pr\u00eatre en violet, tu te rappelles que J\u00e9sus \u00e9tait attendu par tout un peuple, les juifs. Les proph\u00e8tes avaient promis sa venue, et tous attendaient le grand roi qui les lib\u00e9rerait\u2026<br class=\"manualbr\" \/>Et toi, demandes-tu \u00e0 Dieu que le Christ vienne \u00ab\u00a0\u00e9tablir son r\u00e8gne dans toute ta vie et dans le monde qui t\u2019entoure\u00a0\u00bb\u00a0? Travailles-tu \u00e0 cela\u00a0? Ou l\u2019oublies-tu trop souvent\u00a0?<\/li><\/ul><h3 class=\"spip\">Le rouge<\/h3><p>Couleur du sang, couleur du feu, de l\u2019amour<\/p><p>Le sang, c\u2019est la vie\u00a0:<\/p><ul class=\"spip\"><li>c\u2019est par le Sang du Christ que nous sommes sauv\u00e9s,<\/li><li>c\u2019est par le don de leur sang que les martyrs t\u00e9moignent,<\/li><li>mais l\u2019amour aussi est essentiel pour la vie,<\/li><li>nous avons tous besoin d\u2019\u00eatre aim\u00e9s, et d\u2019aimer, pour que la vie \u00ab\u00a0en vaille la peine\u00a0\u00bb,<\/li><li>l\u2019amour qui unit le P\u00e8re et le Fils, c\u2019est l\u2019Esprit Saint.<\/li><\/ul><p>Le pr\u00eatre se v\u00eatira de rouge\u00a0:<\/p><ul class=\"spip\"><li>pour le dimanche des Rameaux et de la Passion, le Vendredi Saint,<\/li><li>les jours de la f\u00eate d\u2019un martyr,<\/li><li>\u00e0 la Pentec\u00f4te, aux messes de l\u2019Esprit-Saint,<\/li><li>pour une Confirmation ou une ordination.<br class=\"manualbr\" \/>Lorsque tu vois ce rouge, remercie J\u00e9sus pour son sang vers\u00e9, qui te donne part \u00e0 la Vie de Dieu. Remercie tous ceux qui sont morts pour que la foi soit transmise. Et demande \u00e0 l\u2019Esprit-Saint de t\u2019aider \u00e0 croire vraiment, \u00e0 annoncer la Bonne Nouvelle. Qu\u2019il te donne la force de la dire, cette Bonne Nouvelle, de la vivre d\u00e9j\u00e0 toi-m\u00eame, malgr\u00e9 les ricanements des copains\u2026<br \/><br \/><\/li><\/ul><h3 class=\"spip\"><a name=\"5\"><\/a>Le rose<\/h3><p>Il y a aussi la couleur rose, port\u00e9e moins fr\u00e9quemment que les autres couleurs et utilis\u00e9e 2 fois par an, pour les dimanches de Laetare (4eme dimanche de Car\u00eame) et de Gaudete (3eme dimanche de l\u2019Avent).<\/p><h3 class=\"spip\"><a name=\"6\"><\/a>Le noir<\/h3><p>De plus on pourrait aussi parler du noir, qui peut \u00eatre utiliser pour les messes d\u2019enterrement et le 2 novembre (comm\u00e9moration des d\u00e9funts). Parfois le violet remplace le noir, c\u2019est moins triste.<\/p>\t\t\t\t\t\t\t\t<\/div>\n\t\t\t\t<\/div>\n\t\t\t\t\t<\/div>\n\t\t<\/div>\n\t\t\t\t\t<\/div>\n\t\t<\/section>\n\t\t\t\t<section class=\"elementor-section elementor-top-section elementor-element elementor-element-9808ed5 elementor-section-boxed elementor-section-height-default elementor-section-height-default\" data-id=\"9808ed5\" data-element_type=\"section\" data-e-type=\"section\">\n\t\t\t\t\t\t<div class=\"elementor-container elementor-column-gap-default\">\n\t\t\t\t\t<div class=\"elementor-column elementor-col-100 elementor-top-column elementor-element elementor-element-4d5dca6\" data-id=\"4d5dca6\" data-element_type=\"column\" data-e-type=\"column\" data-settings=\"{&quot;background_background&quot;:&quot;classic&quot;}\">\n\t\t\t<div class=\"elementor-widget-wrap elementor-element-populated\">\n\t\t\t\t\t\t<div class=\"elementor-element elementor-element-fd890c5 elementor-widget elementor-widget-spacer\" data-id=\"fd890c5\" data-element_type=\"widget\" data-e-type=\"widget\" data-widget_type=\"spacer.default\">\n\t\t\t\t<div class=\"elementor-widget-container\">\n\t\t\t\t\t\t\t<div class=\"elementor-spacer\">\n\t\t\t<div class=\"elementor-spacer-inner\"><\/div>\n\t\t<\/div>\n\t\t\t\t\t\t<\/div>\n\t\t\t\t<\/div>\n\t\t\t\t<div class=\"elementor-element elementor-element-9a9b105 elementor-widget elementor-widget-heading\" data-id=\"9a9b105\" data-element_type=\"widget\" data-e-type=\"widget\" data-widget_type=\"heading.default\">\n\t\t\t\t<div class=\"elementor-widget-container\">\n\t\t\t\t\t<h2 class=\"elementor-heading-title elementor-size-default\">Les objets liturgiques<\/h2>\t\t\t\t<\/div>\n\t\t\t\t<\/div>\n\t\t\t\t<div class=\"elementor-element elementor-element-14a468e elementor-widget elementor-widget-text-editor\" data-id=\"14a468e\" data-element_type=\"widget\" data-e-type=\"widget\" data-widget_type=\"text-editor.default\">\n\t\t\t\t<div class=\"elementor-widget-container\">\n\t\t\t\t\t\t\t\t\t<div id=\"chapo_article\"><div id=\"chapo_article li\"><div id=\"chapo\" class=\"coul_dominante\"><div id=\"chapo_article\"><div id=\"chapo_article li\"><p>Le pr\u00eatre utilise pour la messe diff\u00e9rents objets dont les noms sont un peu compliqu\u00e9s. Voici quelques d\u00e9finitions.<\/p><\/div><\/div><\/div><\/div><\/div>\t\t\t\t\t\t\t\t<\/div>\n\t\t\t\t<\/div>\n\t\t\t\t<div class=\"elementor-element elementor-element-4498d19 elementor-widget elementor-widget-text-editor\" data-id=\"4498d19\" data-element_type=\"widget\" data-e-type=\"widget\" data-widget_type=\"text-editor.default\">\n\t\t\t\t<div class=\"elementor-widget-container\">\n\t\t\t\t\t\t\t\t\t<h3 class=\"spip\">La pat\u00e8ne<\/h3><p>C\u2019est un petit plat sur lequel on d\u00e9pose la l\u2019hostie durant la messe.<\/p><h3 class=\"spip\"><a name=\"2\"><\/a>Le calice<\/h3><p>C\u2019est la coupe contenant le vin consacr\u00e9 en Sang du Christ.<\/p><h3 class=\"spip\"><a name=\"3\"><\/a>Le ciboire<\/h3><p>Il ressemble au calice mais est en g\u00e9n\u00e9ral ferm\u00e9 par un couvercle. On y d\u00e9pose les hosties consacr\u00e9es. Il est utilis\u00e9 pour la distribution de la communion ou pour conserver les hosties dans le tabernacle.<\/p><h3 class=\"spip\"><a name=\"4\"><\/a>Les burettes<\/h3><p>Ce sont de petits vases dans lesquels on apporte l\u2019eau et le vin pour la messe.<\/p><h3 class=\"spip\"><a name=\"5\"><\/a>Le purificatoire<\/h3><p>C\u2019est un linge blanc avec lequel le pr\u00eatre, apr\u00e8s la communion, essuie ses l\u00e8vres, ses doigts, le calice, par respect pour le Corps et le Sang du Christ.<\/p><h3 class=\"spip\"><a name=\"6\"><\/a>Le lectionnaire<\/h3><p>C\u2019est un grand livre qui contient les lectures de la Bible choisies pour la messe et pour la c\u00e9l\u00e9bration des sacrements.<\/p><h3 class=\"spip\"><a name=\"7\"><\/a>L\u2019ostensoir<\/h3><p>Cet objet, qui a souvent la forme d\u2019un soleil, permet d\u2019exposer le Saint-Sacrement pour l\u2019adoration par les fid\u00e8les.<\/p><h3 class=\"spip\"><a name=\"8\"><\/a>Les cierges<\/h3><p>Ils sont l\u00e0 pour \u00e9clairer, comme le Christ est \u00ab\u00a0Lumi\u00e8re pour \u00e9clairer les Nations\u00a0\u00bb. La lumi\u00e8re est \u00e0 la fois un signe de joie et la marque d\u2019un honneur.<\/p>\t\t\t\t\t\t\t\t<\/div>\n\t\t\t\t<\/div>\n\t\t\t\t\t<\/div>\n\t\t<\/div>\n\t\t\t\t\t<\/div>\n\t\t<\/section>\n\t\t\t\t<\/div>\n\t\t","protected":false},"excerpt":{"rendered":"<p>La liturgie (la pri\u00e8re officielle de l\u2019Eglise) se d\u00e9ploie durant toute une ann\u00e9e selon les grandes f\u00eates du Christ (P\u00e2ques et No\u00ebl).<\/p>\n","protected":false},"author":11,"featured_media":0,"comment_status":"closed","ping_status":"closed","sticky":false,"template":"","format":"standard","meta":{"_seopress_robots_primary_cat":"","_seopress_titles_title":"","_seopress_titles_desc":"","_seopress_robots_index":"","site-sidebar-layout":"default","site-content-layout":"","ast-site-content-layout":"default","site-content-style":"default","site-sidebar-style":"default","ast-global-header-display":"","ast-banner-title-visibility":"","ast-main-header-display":"","ast-hfb-above-header-display":"","ast-hfb-below-header-display":"","ast-hfb-mobile-header-display":"","site-post-title":"","ast-breadcrumbs-content":"","ast-featured-img":"","footer-sml-layout":"","theme-transparent-header-meta":"","adv-header-id-meta":"","stick-header-meta":"","header-above-stick-meta":"","header-main-stick-meta":"","header-below-stick-meta":"","astra-migrate-meta-layouts":"set","ast-page-background-enabled":"default","ast-page-background-meta":{"desktop":{"background-color":"var(--ast-global-color-4)","background-image":"","background-repeat":"repeat","background-position":"center center","background-size":"auto","background-attachment":"scroll","background-type":"","background-media":"","overlay-type":"","overlay-color":"","overlay-opacity":"","overlay-gradient":""},"tablet":{"background-color":"","background-image":"","background-repeat":"repeat","background-position":"center center","background-size":"auto","background-attachment":"scroll","background-type":"","background-media":"","overlay-type":"","overlay-color":"","overlay-opacity":"","overlay-gradient":""},"mobile":{"background-color":"","background-image":"","background-repeat":"repeat","background-position":"center center","background-size":"auto","background-attachment":"scroll","background-type":"","background-media":"","overlay-type":"","overlay-color":"","overlay-opacity":"","overlay-gradient":""}},"ast-content-background-meta":{"desktop":{"background-color":"var(--ast-global-color-5)","background-image":"","background-repeat":"repeat","background-position":"center center","background-size":"auto","background-attachment":"scroll","background-type":"","background-media":"","overlay-type":"","overlay-color":"","overlay-opacity":"","overlay-gradient":""},"tablet":{"background-color":"var(--ast-global-color-5)","background-image":"","background-repeat":"repeat","background-position":"center center","background-size":"auto","background-attachment":"scroll","background-type":"","background-media":"","overlay-type":"","overlay-color":"","overlay-opacity":"","overlay-gradient":""},"mobile":{"background-color":"var(--ast-global-color-5)","background-image":"","background-repeat":"repeat","background-position":"center center","background-size":"auto","background-attachment":"scroll","background-type":"","background-media":"","overlay-type":"","overlay-color":"","overlay-opacity":"","overlay-gradient":""}},"footnotes":""},"categories":[20,80],"tags":[],"class_list":["post-2468","post","type-post","status-publish","format-standard","hentry","category-connaissance-de-dieu","category-la-liturgie"],"_links":{"self":[{"href":"https:\/\/www.scouts-europe.org\/scoutorama\/wp-json\/wp\/v2\/posts\/2468","targetHints":{"allow":["GET"]}}],"collection":[{"href":"https:\/\/www.scouts-europe.org\/scoutorama\/wp-json\/wp\/v2\/posts"}],"about":[{"href":"https:\/\/www.scouts-europe.org\/scoutorama\/wp-json\/wp\/v2\/types\/post"}],"author":[{"embeddable":true,"href":"https:\/\/www.scouts-europe.org\/scoutorama\/wp-json\/wp\/v2\/users\/11"}],"replies":[{"embeddable":true,"href":"https:\/\/www.scouts-europe.org\/scoutorama\/wp-json\/wp\/v2\/comments?post=2468"}],"version-history":[{"count":14,"href":"https:\/\/www.scouts-europe.org\/scoutorama\/wp-json\/wp\/v2\/posts\/2468\/revisions"}],"predecessor-version":[{"id":5963,"href":"https:\/\/www.scouts-europe.org\/scoutorama\/wp-json\/wp\/v2\/posts\/2468\/revisions\/5963"}],"wp:attachment":[{"href":"https:\/\/www.scouts-europe.org\/scoutorama\/wp-json\/wp\/v2\/media?parent=2468"}],"wp:term":[{"taxonomy":"category","embeddable":true,"href":"https:\/\/www.scouts-europe.org\/scoutorama\/wp-json\/wp\/v2\/categories?post=2468"},{"taxonomy":"post_tag","embeddable":true,"href":"https:\/\/www.scouts-europe.org\/scoutorama\/wp-json\/wp\/v2\/tags?post=2468"}],"curies":[{"name":"wp","href":"https:\/\/api.w.org\/{rel}","templated":true}]}}