{"id":2548,"date":"2024-12-03T16:43:46","date_gmt":"2024-12-03T15:43:46","guid":{"rendered":"https:\/\/www.scouts-europe.org\/scoutorama\/?p=2548"},"modified":"2025-02-11T11:55:01","modified_gmt":"2025-02-11T10:55:01","slug":"temoins-saint-maximilien-kolbe","status":"publish","type":"post","link":"https:\/\/www.scouts-europe.org\/scoutorama\/temoins-saint-maximilien-kolbe\/","title":{"rendered":"T\u00e9moins : Saint Maximilien Kolbe"},"content":{"rendered":"\t\t<div data-elementor-type=\"wp-post\" data-elementor-id=\"2548\" class=\"elementor elementor-2548\">\n\t\t\t\t\t\t<section class=\"elementor-section elementor-top-section elementor-element elementor-element-8041808 elementor-section-boxed elementor-section-height-default elementor-section-height-default\" data-id=\"8041808\" data-element_type=\"section\" data-e-type=\"section\">\n\t\t\t\t\t\t<div class=\"elementor-container elementor-column-gap-default\">\n\t\t\t\t\t<div class=\"elementor-column elementor-col-100 elementor-top-column elementor-element elementor-element-7caf085\" data-id=\"7caf085\" data-element_type=\"column\" data-e-type=\"column\" data-settings=\"{&quot;background_background&quot;:&quot;classic&quot;}\">\n\t\t\t<div class=\"elementor-widget-wrap elementor-element-populated\">\n\t\t\t\t\t\t<div class=\"elementor-element elementor-element-4eb47f7 elementor-widget elementor-widget-heading\" data-id=\"4eb47f7\" data-element_type=\"widget\" data-e-type=\"widget\" data-widget_type=\"heading.default\">\n\t\t\t\t<div class=\"elementor-widget-container\">\n\t\t\t\t\t<h2 class=\"elementor-heading-title elementor-size-default\">T\u00e9moins : Saint Maximilien Kolbe<\/h2>\t\t\t\t<\/div>\n\t\t\t\t<\/div>\n\t\t\t\t\t<\/div>\n\t\t<\/div>\n\t\t\t\t\t<\/div>\n\t\t<\/section>\n\t\t\t\t<section class=\"elementor-section elementor-top-section elementor-element elementor-element-c9ad98d elementor-section-boxed elementor-section-height-default elementor-section-height-default\" data-id=\"c9ad98d\" data-element_type=\"section\" data-e-type=\"section\">\n\t\t\t\t\t\t<div class=\"elementor-container elementor-column-gap-default\">\n\t\t\t\t\t<div class=\"elementor-column elementor-col-100 elementor-top-column elementor-element elementor-element-d3c91f1\" data-id=\"d3c91f1\" data-element_type=\"column\" data-e-type=\"column\" data-settings=\"{&quot;background_background&quot;:&quot;classic&quot;}\">\n\t\t\t<div class=\"elementor-widget-wrap elementor-element-populated\">\n\t\t\t\t\t\t<div class=\"elementor-element elementor-element-a60be97 elementor-widget elementor-widget-spacer\" data-id=\"a60be97\" data-element_type=\"widget\" data-e-type=\"widget\" data-widget_type=\"spacer.default\">\n\t\t\t\t<div class=\"elementor-widget-container\">\n\t\t\t\t\t\t\t<div class=\"elementor-spacer\">\n\t\t\t<div class=\"elementor-spacer-inner\"><\/div>\n\t\t<\/div>\n\t\t\t\t\t\t<\/div>\n\t\t\t\t<\/div>\n\t\t\t\t<div class=\"elementor-element elementor-element-b6dd644 elementor-widget elementor-widget-text-editor\" data-id=\"b6dd644\" data-element_type=\"widget\" data-e-type=\"widget\" data-widget_type=\"text-editor.default\">\n\t\t\t\t<div class=\"elementor-widget-container\">\n\t\t\t\t\t\t\t\t\t<p>Raymond Kolbe na\u00eet le 8 janvier 1894 en Pologne. A la maison se trouve, comme c\u2019est la coutume en Pologne, un petit autel en l\u2019honneur de Notre-Dame. Raymond va souvent y passer de longs moments \u00e0 prier.<\/p><p>Raymond est un enfant qui a un fort caract\u00e8re. Un jour de 1905, sa maman le gronde et lui demande ce qu\u2019elle va pouvoir faire de lui. Raymond va prier dans l\u2019\u00e9glise du village pour demander \u00e0 Marie ce qu\u2019il allait devenir. Il revient les yeux pleins de larmes. \u00c9tonn\u00e9e, sa m\u00e8re l\u2019interroge. \u00ab\u00a0C\u2019est un secret, maman\u2008\u00a0!\u00a0\u00bb Comme elle insiste, il lui r\u00e9v\u00e8le que la Vierge lui est apparue.\u00a0Elle lui tendait deux couronnes, une blanche qui signifiait la puret\u00e9 et une rouge qui signifiait le martyre, en lui demandant de choisir. Et l\u2019enfant a spontan\u00e9ment r\u00e9pondu \u00e0 la Vierge\u2008\u00a0:<br class=\"autobr\" \/>\u00ab\u00a0Je les choisis toutes les deux\u2008\u00a0!\u00a0\u00bb<\/p><p>D\u00e8s ce moment, il se confie totalement \u00e0 Marie. La pri\u00e8re devient pour lui source de gr\u00e2ces et de conversion.<\/p><p><strong>La couronne blanche<\/strong><br class=\"autobr\" \/>Adolescent, Raymond est fascin\u00e9 par l\u2019id\u00e9al de saint Fran\u00e7ois d\u2019Assise. Il entre au petit s\u00e9minaire des Franciscains. Apr\u00e8s le noviciat, il est envoy\u00e9 \u00e0 Rome pour y faire ses \u00e9tudes. Son nom de religieux est fr\u00e8re Maximilien-Marie. Brillant et s\u00e9rieux, il note un jour son but\u2008\u00a0: \u00ab\u00a0Etre un saint, le plus grand possible.\u00a0\u00bb II veut ramener la terre enti\u00e8re au Christ, avec l\u2019aide de Marie. Sa d\u00e9votion \u00e0 la Vierge Immacul\u00e9e ne cesse de grandir.<br class=\"autobr\" \/>Il d\u00e9sire la faire partager et cr\u00e9e, en 1917, la \u00ab\u00a0Milice de l\u2019Immacul\u00e9e\u00a0\u00bb. Pour la conversion des p\u00e9cheurs, c\u2019est-\u00e0-dire de tout le monde\u2026<\/p><ul class=\"spip\"><li>Les conditions\u2008\u00a0: faire don de soi-m\u00eame \u00e0 la Vierge Marie et porter la \u00ab\u00a0m\u00e9daille miraculeuse\u00a0\u00bb.<\/li><li>Les moyens\u2008\u00a0: tous, selon les circonstances de la vie et les imp\u00e9ratifs de la conscience chr\u00e9tienne, la pri\u00e8re \u00e0 Marie et la diffusion de la m\u00e9daille miraculeuse.<\/li><\/ul><p><i>Il est ordonn\u00e9 pr\u00eatre en 1918.<\/i><\/p><p><strong>La couronne rouge<\/strong><\/p><p>En 1941, c\u2019est la guerre. Le p\u00e8re Kolbe est emprisonn\u00e9 puis d\u00e9port\u00e9 au camp d\u2019extermination d\u2019Auschwitz. Fin juillet, un prisonnier s\u2019\u00e9chappe. En repr\u00e9sailles, le commandant nazi choisit dix prisonniers et les condamne \u00e0 mourir de faim. Au grand \u00e9tonnement de tous, le p\u00e8re Maximilien propose de remplacer un homme qui s\u2019inqui\u00e8te pour sa famille. L\u2019officier lui demande sa profession, le p\u00e8re Maximilien r\u00e9pond\u2008\u00a0: \u00ab\u00a0Je suis pr\u00eatre catholique, religieux\u00a0\u00bb. Il obtient la permission de mourir \u00e0 la place du prisonnier. \u00ab\u00a0Il n\u2019est pas de plus grand amour que de donner sa vie pour ceux qu\u2019on aime\u00a0\u00bb a dit J\u00e9sus. Maximilien Kolbe va \u00ab\u00a0tout simplement\u00a0\u00bb donner sa vie pour sauver celle d\u2019un prisonnier. Un jour, il avait \u00e9crit\u2008\u00a0: \u00ab\u00a0Pour l\u2019amour, jusqu\u2019au sacrifice de la vie\u00a0\u00bb. Il a traduit ses paroles en actes. De cette mani\u00e8re h\u00e9ro\u00efque, le p\u00e8re Maximilien descend avec les neuf autres prisonniers dans le \u00ab\u00a0souterrain de la mort\u00a0\u00bb ou tous meurent, consol\u00e9s, assist\u00e9s et b\u00e9nis par lui. Il soutient ses compagnons jusqu\u2019au bout, priant et chantant avec eux. Il ne reste que le p\u00e8re Kolbe. Le 14 ao\u00fbt, les nazis d\u00e9cident de le tuer. Son corps est br\u00fbl\u00e9 le jour de l\u2019Assomption de Marie.<\/p><p>Le 10 octobre 1982, le pape Jean-Paul II d\u00e9clara le p\u00e8re Kolbe saint, en proclamant que \u00ab\u00a0saint Maximilien n\u2019est pas mort, mais a donn\u00e9 la vie\u2026\u00a0\u00bb<\/p>\t\t\t\t\t\t\t\t<\/div>\n\t\t\t\t<\/div>\n\t\t\t\t\t<\/div>\n\t\t<\/div>\n\t\t\t\t\t<\/div>\n\t\t<\/section>\n\t\t\t\t<\/div>\n\t\t","protected":false},"excerpt":{"rendered":"<p>Raymond Kolbe na\u00eet le 8 janvier 1894 en Pologne. A la maison se trouve, comme c\u2019est la coutume en Pologne, un petit autel en l\u2019honneur de Notre-Dame. Raymond va souvent y passer de longs moments \u00e0 prier.<\/p>\n","protected":false},"author":11,"featured_media":0,"comment_status":"closed","ping_status":"closed","sticky":false,"template":"","format":"standard","meta":{"_seopress_robots_primary_cat":"","_seopress_titles_title":"","_seopress_titles_desc":"","_seopress_robots_index":"","site-sidebar-layout":"default","site-content-layout":"","ast-site-content-layout":"default","site-content-style":"default","site-sidebar-style":"default","ast-global-header-display":"","ast-banner-title-visibility":"","ast-main-header-display":"","ast-hfb-above-header-display":"","ast-hfb-below-header-display":"","ast-hfb-mobile-header-display":"","site-post-title":"","ast-breadcrumbs-content":"","ast-featured-img":"","footer-sml-layout":"","theme-transparent-header-meta":"","adv-header-id-meta":"","stick-header-meta":"","header-above-stick-meta":"","header-main-stick-meta":"","header-below-stick-meta":"","astra-migrate-meta-layouts":"set","ast-page-background-enabled":"default","ast-page-background-meta":{"desktop":{"background-color":"var(--ast-global-color-4)","background-image":"","background-repeat":"repeat","background-position":"center center","background-size":"auto","background-attachment":"scroll","background-type":"","background-media":"","overlay-type":"","overlay-color":"","overlay-opacity":"","overlay-gradient":""},"tablet":{"background-color":"","background-image":"","background-repeat":"repeat","background-position":"center center","background-size":"auto","background-attachment":"scroll","background-type":"","background-media":"","overlay-type":"","overlay-color":"","overlay-opacity":"","overlay-gradient":""},"mobile":{"background-color":"","background-image":"","background-repeat":"repeat","background-position":"center center","background-size":"auto","background-attachment":"scroll","background-type":"","background-media":"","overlay-type":"","overlay-color":"","overlay-opacity":"","overlay-gradient":""}},"ast-content-background-meta":{"desktop":{"background-color":"var(--ast-global-color-5)","background-image":"","background-repeat":"repeat","background-position":"center center","background-size":"auto","background-attachment":"scroll","background-type":"","background-media":"","overlay-type":"","overlay-color":"","overlay-opacity":"","overlay-gradient":""},"tablet":{"background-color":"var(--ast-global-color-5)","background-image":"","background-repeat":"repeat","background-position":"center center","background-size":"auto","background-attachment":"scroll","background-type":"","background-media":"","overlay-type":"","overlay-color":"","overlay-opacity":"","overlay-gradient":""},"mobile":{"background-color":"var(--ast-global-color-5)","background-image":"","background-repeat":"repeat","background-position":"center center","background-size":"auto","background-attachment":"scroll","background-type":"","background-media":"","overlay-type":"","overlay-color":"","overlay-opacity":"","overlay-gradient":""}},"footnotes":""},"categories":[20,83],"tags":[],"class_list":["post-2548","post","type-post","status-publish","format-standard","hentry","category-connaissance-de-dieu","category-temoins"],"_links":{"self":[{"href":"https:\/\/www.scouts-europe.org\/scoutorama\/wp-json\/wp\/v2\/posts\/2548","targetHints":{"allow":["GET"]}}],"collection":[{"href":"https:\/\/www.scouts-europe.org\/scoutorama\/wp-json\/wp\/v2\/posts"}],"about":[{"href":"https:\/\/www.scouts-europe.org\/scoutorama\/wp-json\/wp\/v2\/types\/post"}],"author":[{"embeddable":true,"href":"https:\/\/www.scouts-europe.org\/scoutorama\/wp-json\/wp\/v2\/users\/11"}],"replies":[{"embeddable":true,"href":"https:\/\/www.scouts-europe.org\/scoutorama\/wp-json\/wp\/v2\/comments?post=2548"}],"version-history":[{"count":10,"href":"https:\/\/www.scouts-europe.org\/scoutorama\/wp-json\/wp\/v2\/posts\/2548\/revisions"}],"predecessor-version":[{"id":5927,"href":"https:\/\/www.scouts-europe.org\/scoutorama\/wp-json\/wp\/v2\/posts\/2548\/revisions\/5927"}],"wp:attachment":[{"href":"https:\/\/www.scouts-europe.org\/scoutorama\/wp-json\/wp\/v2\/media?parent=2548"}],"wp:term":[{"taxonomy":"category","embeddable":true,"href":"https:\/\/www.scouts-europe.org\/scoutorama\/wp-json\/wp\/v2\/categories?post=2548"},{"taxonomy":"post_tag","embeddable":true,"href":"https:\/\/www.scouts-europe.org\/scoutorama\/wp-json\/wp\/v2\/tags?post=2548"}],"curies":[{"name":"wp","href":"https:\/\/api.w.org\/{rel}","templated":true}]}}