{"id":2695,"date":"2024-12-04T15:52:59","date_gmt":"2024-12-04T14:52:59","guid":{"rendered":"https:\/\/www.scouts-europe.org\/scoutorama\/?p=2695"},"modified":"2025-02-11T11:47:07","modified_gmt":"2025-02-11T10:47:07","slug":"langelus","status":"publish","type":"post","link":"https:\/\/www.scouts-europe.org\/scoutorama\/langelus\/","title":{"rendered":"L&rsquo;Angelus"},"content":{"rendered":"\t\t<div data-elementor-type=\"wp-post\" data-elementor-id=\"2695\" class=\"elementor elementor-2695\">\n\t\t\t\t\t\t<section class=\"elementor-section elementor-top-section elementor-element elementor-element-8041808 elementor-section-boxed elementor-section-height-default elementor-section-height-default\" data-id=\"8041808\" data-element_type=\"section\" data-e-type=\"section\">\n\t\t\t\t\t\t<div class=\"elementor-container elementor-column-gap-default\">\n\t\t\t\t\t<div class=\"elementor-column elementor-col-100 elementor-top-column elementor-element elementor-element-7caf085\" data-id=\"7caf085\" data-element_type=\"column\" data-e-type=\"column\" data-settings=\"{&quot;background_background&quot;:&quot;classic&quot;}\">\n\t\t\t<div class=\"elementor-widget-wrap elementor-element-populated\">\n\t\t\t\t\t\t<div class=\"elementor-element elementor-element-4eb47f7 elementor-widget elementor-widget-heading\" data-id=\"4eb47f7\" data-element_type=\"widget\" data-e-type=\"widget\" data-widget_type=\"heading.default\">\n\t\t\t\t<div class=\"elementor-widget-container\">\n\t\t\t\t\t<h2 class=\"elementor-heading-title elementor-size-default\">L'Angelus<\/h2>\t\t\t\t<\/div>\n\t\t\t\t<\/div>\n\t\t\t\t\t<\/div>\n\t\t<\/div>\n\t\t\t\t\t<\/div>\n\t\t<\/section>\n\t\t\t\t<section class=\"elementor-section elementor-top-section elementor-element elementor-element-c9ad98d elementor-section-boxed elementor-section-height-default elementor-section-height-default\" data-id=\"c9ad98d\" data-element_type=\"section\" data-e-type=\"section\">\n\t\t\t\t\t\t<div class=\"elementor-container elementor-column-gap-default\">\n\t\t\t\t\t<div class=\"elementor-column elementor-col-100 elementor-top-column elementor-element elementor-element-d3c91f1\" data-id=\"d3c91f1\" data-element_type=\"column\" data-e-type=\"column\" data-settings=\"{&quot;background_background&quot;:&quot;classic&quot;}\">\n\t\t\t<div class=\"elementor-widget-wrap elementor-element-populated\">\n\t\t\t\t\t\t<div class=\"elementor-element elementor-element-a60be97 elementor-widget elementor-widget-spacer\" data-id=\"a60be97\" data-element_type=\"widget\" data-e-type=\"widget\" data-widget_type=\"spacer.default\">\n\t\t\t\t<div class=\"elementor-widget-container\">\n\t\t\t\t\t\t\t<div class=\"elementor-spacer\">\n\t\t\t<div class=\"elementor-spacer-inner\"><\/div>\n\t\t<\/div>\n\t\t\t\t\t\t<\/div>\n\t\t\t\t<\/div>\n\t\t\t\t<div class=\"elementor-element elementor-element-b6dd644 elementor-widget elementor-widget-text-editor\" data-id=\"b6dd644\" data-element_type=\"widget\" data-e-type=\"widget\" data-widget_type=\"text-editor.default\">\n\t\t\t\t<div class=\"elementor-widget-container\">\n\t\t\t\t\t\t\t\t\t<div id=\"chapo\" class=\"coul_dominante\"><div id=\"chapo_article\"><div id=\"chapo_article li\"><div id=\"chapo\" class=\"coul_dominante\"><div id=\"chapo_article\"><div id=\"chapo_article li\"><div id=\"chapo\" class=\"coul_dominante\"><div id=\"chapo_article\"><div id=\"chapo_article li\"><div id=\"chapo\" class=\"coul_dominante\"><div id=\"chapo_article\"><div id=\"chapo_article li\"><div id=\"chapo\" class=\"coul_dominante\"><div id=\"chapo_article\"><div id=\"chapo_article li\"><div id=\"chapo\" class=\"coul_dominante\"><div id=\"chapo_article\"><div id=\"chapo_article li\"><div id=\"chapo\" class=\"coul_dominante\"><div id=\"chapo_article\"><div id=\"chapo_article li\"><div id=\"chapo\" class=\"coul_dominante\"><div id=\"chapo_article\"><div id=\"chapo_article li\"><div id=\"chapo\" class=\"coul_dominante\"><div id=\"chapo_article\"><div id=\"chapo_article li\"><p>Trois fois par jour, le matin, \u00e0 midi et le soir, aux clochers de la plupart des \u00e9glises les cloches tintent trois fois trois coups suivis d\u2019une vol\u00e9e. Il s\u2019agit d\u2019une habitude du 14e si\u00e8cle, encourag\u00e9e depuis par de nombreux papes\u00a0: la pri\u00e8re de l\u2019Angelus par laquelle l\u2019\u00c9glise m\u00e9dite les r\u00e9cits de l\u2019Incarnation et de l\u2019Annonciation. Ce r\u00e9sum\u00e9 de l\u2019histoire du salut met l\u2019accent sur le \u00ab\u00a0Oui\u00a0\u00bb de Notre-Dame.<\/p><h3 class=\"spip\">Fran\u00e7ais<\/h3><p><strong>V.<\/strong>\u00a0L\u2019ange du Seigneur apporta l\u2019annonce \u00e0 Marie<br \/><strong>R.<\/strong>\u00a0Et elle con\u00e7ut du Saint-Esprit.<br \/>\u00a0<i>Je vous salue Marie, pleine de gr\u00e2ce. Le Seigneur est avec vous.<br class=\"autobr\" \/>Vous \u00eates b\u00e9nie entre toutes les femmes et J\u00e9sus, le fruit de vos entrailles est b\u00e9ni. Sainte Marie, M\u00e8re de Dieu, priez pour nous pauvres p\u00eacheurs, maintenant et \u00e0 l\u2019heure de notre mort.<\/i><br \/>\u00a0<strong>V.<\/strong>\u00a0Voici la Servante du Seigneur<br \/>\u00a0<strong>R.<\/strong>\u00a0Qu\u2019il me soit fait selon votre parole.<br \/><i>Je vous salue Marie\u2026<\/i><br \/>\u00a0<strong>V.<\/strong>\u00a0Et le Verbe s\u2019est fait chair<br \/><strong>R.<\/strong>\u00a0Et il a habit\u00e9 parmi nous.<br \/><i>Je vous salue Marie\u2026<\/i><br \/>\u00a0<strong>V.<\/strong> Priez pour nous, sainte M\u00e8re de Dieu<strong>R.<\/strong>\u00a0Afin que nous devenions dignes des promesses du Christ.<br \/>\u00a0<strong>\u00a0<i>Prions.<\/i>\u00a0<\/strong>Que ta gr\u00e2ce, Seigneur, se r\u00e9pande en nos c\u0153urs. Par le message de l\u2019ange, tu nous as fait conna\u00eetre l\u2019incarnation de ton Fils bien-aim\u00e9. Conduis-nous, par sa passion et par sa croix, jusqu\u2019\u00e0 la gloire de la r\u00e9surrection. Par J\u00e9sus, le Christ, notre Seigneur.<br \/><strong>R.<\/strong>\u00a0Amen.<\/p><h3 class=\"spip\">Latin<\/h3><p><strong>V.<\/strong>\u00a0Angelus Domini, nuntiavit Mariae<br \/><strong>R.<\/strong>\u00a0Et concepit de Spiritu Sancto.<br \/><i>Ave Mar\u00eda, gr\u00e1tia plena. Dominus tecum. Bened\u00edcta tu in muli\u00e9ribus et bened\u00edctus fructus ventris tui, Iesus. Sancta Mar\u00eda, Mater Dei, ora pro nobis peccat\u00f3ribus, nunc et in hora mortis nostr\u00e6. Amen.<\/i><\/p><p>\u00a0<strong>V.<\/strong>\u00a0Ecce ancilla Domini.<br \/>\u00a0<strong>R.<\/strong>\u00a0Fiat mihi secundum verbum tuum.<br \/><i>Ave Maria, gratia plena&#8230;<\/i><br \/>\u00a0<strong>V.<\/strong>\u00a0Et Verbum caro factum est.<br \/><strong>R.<\/strong>\u00a0Et habitavit in nobis.<br \/>\u00a0<i>Ave Maria, gratia plena,&#8230;<\/i><br \/>\u00a0<strong>V.<\/strong>\u00a0Ora pro nobis, sancta Dei Genitrix.<br \/><strong>R.<\/strong>\u00a0Ut digni efficiamur promissionibus Christi.<br \/>\u00a0<strong>\u00a0<i>Oremus.<\/i>\u00a0<\/strong>Gratiam tuam, quaesumus, Domine, mentibus nostris infunde\u00a0; ut qui, Angelo nuntiante, Christi Filii tui incarnationem cognovimus, per passionem eius et crucem, ad resurrectionis gloriam perducamur. Per Christum Dominum nostrum.<br \/>\u00a0<strong>R.<\/strong>\u00a0Amen.<\/p><p>Durant le temps pascal (de P\u00e2ques \u00e0 la Pentec\u00f4te), la r\u00e9citation de l\u2019Angelus est remplac\u00e9e par celle du Regina Caeli.<\/p><\/div><\/div><\/div><\/div><\/div><\/div><\/div><\/div><\/div><\/div><\/div><\/div><\/div><\/div><\/div><\/div><\/div><\/div><\/div><\/div><\/div><\/div><\/div><\/div><\/div><\/div><\/div>\t\t\t\t\t\t\t\t<\/div>\n\t\t\t\t<\/div>\n\t\t\t\t\t<\/div>\n\t\t<\/div>\n\t\t\t\t\t<\/div>\n\t\t<\/section>\n\t\t\t\t<\/div>\n\t\t","protected":false},"excerpt":{"rendered":"<p>Trois fois par jour, le matin, \u00e0 midi et le soir, aux clochers de la plupart des \u00e9glises les cloches tintent trois fois trois coups suivis d\u2019une vol\u00e9e. Il s\u2019agit d\u2019une habitude du 14e si\u00e8cle, encourag\u00e9e depuis par de nombreux papes\u00a0: la pri\u00e8re de l\u2019Angelus par laquelle l\u2019\u00c9glise m\u00e9dite les r\u00e9cits de l\u2019Incarnation et de l\u2019Annonciation. Ce r\u00e9sum\u00e9 de l\u2019histoire du salut met l\u2019accent sur le \u00ab\u00a0Oui\u00a0\u00bb de Notre-Dame.<\/p>\n","protected":false},"author":11,"featured_media":0,"comment_status":"closed","ping_status":"closed","sticky":false,"template":"","format":"standard","meta":{"_seopress_robots_primary_cat":"","_seopress_titles_title":"","_seopress_titles_desc":"","_seopress_robots_index":"","site-sidebar-layout":"default","site-content-layout":"","ast-site-content-layout":"default","site-content-style":"default","site-sidebar-style":"default","ast-global-header-display":"","ast-banner-title-visibility":"","ast-main-header-display":"","ast-hfb-above-header-display":"","ast-hfb-below-header-display":"","ast-hfb-mobile-header-display":"","site-post-title":"","ast-breadcrumbs-content":"","ast-featured-img":"","footer-sml-layout":"","theme-transparent-header-meta":"","adv-header-id-meta":"","stick-header-meta":"","header-above-stick-meta":"","header-main-stick-meta":"","header-below-stick-meta":"","astra-migrate-meta-layouts":"set","ast-page-background-enabled":"default","ast-page-background-meta":{"desktop":{"background-color":"var(--ast-global-color-4)","background-image":"","background-repeat":"repeat","background-position":"center center","background-size":"auto","background-attachment":"scroll","background-type":"","background-media":"","overlay-type":"","overlay-color":"","overlay-opacity":"","overlay-gradient":""},"tablet":{"background-color":"","background-image":"","background-repeat":"repeat","background-position":"center center","background-size":"auto","background-attachment":"scroll","background-type":"","background-media":"","overlay-type":"","overlay-color":"","overlay-opacity":"","overlay-gradient":""},"mobile":{"background-color":"","background-image":"","background-repeat":"repeat","background-position":"center center","background-size":"auto","background-attachment":"scroll","background-type":"","background-media":"","overlay-type":"","overlay-color":"","overlay-opacity":"","overlay-gradient":""}},"ast-content-background-meta":{"desktop":{"background-color":"var(--ast-global-color-5)","background-image":"","background-repeat":"repeat","background-position":"center center","background-size":"auto","background-attachment":"scroll","background-type":"","background-media":"","overlay-type":"","overlay-color":"","overlay-opacity":"","overlay-gradient":""},"tablet":{"background-color":"var(--ast-global-color-5)","background-image":"","background-repeat":"repeat","background-position":"center center","background-size":"auto","background-attachment":"scroll","background-type":"","background-media":"","overlay-type":"","overlay-color":"","overlay-opacity":"","overlay-gradient":""},"mobile":{"background-color":"var(--ast-global-color-5)","background-image":"","background-repeat":"repeat","background-position":"center center","background-size":"auto","background-attachment":"scroll","background-type":"","background-media":"","overlay-type":"","overlay-color":"","overlay-opacity":"","overlay-gradient":""}},"footnotes":""},"categories":[81,20],"tags":[],"class_list":["post-2695","post","type-post","status-publish","format-standard","hentry","category-carnet-de-priere","category-connaissance-de-dieu"],"_links":{"self":[{"href":"https:\/\/www.scouts-europe.org\/scoutorama\/wp-json\/wp\/v2\/posts\/2695","targetHints":{"allow":["GET"]}}],"collection":[{"href":"https:\/\/www.scouts-europe.org\/scoutorama\/wp-json\/wp\/v2\/posts"}],"about":[{"href":"https:\/\/www.scouts-europe.org\/scoutorama\/wp-json\/wp\/v2\/types\/post"}],"author":[{"embeddable":true,"href":"https:\/\/www.scouts-europe.org\/scoutorama\/wp-json\/wp\/v2\/users\/11"}],"replies":[{"embeddable":true,"href":"https:\/\/www.scouts-europe.org\/scoutorama\/wp-json\/wp\/v2\/comments?post=2695"}],"version-history":[{"count":10,"href":"https:\/\/www.scouts-europe.org\/scoutorama\/wp-json\/wp\/v2\/posts\/2695\/revisions"}],"predecessor-version":[{"id":5843,"href":"https:\/\/www.scouts-europe.org\/scoutorama\/wp-json\/wp\/v2\/posts\/2695\/revisions\/5843"}],"wp:attachment":[{"href":"https:\/\/www.scouts-europe.org\/scoutorama\/wp-json\/wp\/v2\/media?parent=2695"}],"wp:term":[{"taxonomy":"category","embeddable":true,"href":"https:\/\/www.scouts-europe.org\/scoutorama\/wp-json\/wp\/v2\/categories?post=2695"},{"taxonomy":"post_tag","embeddable":true,"href":"https:\/\/www.scouts-europe.org\/scoutorama\/wp-json\/wp\/v2\/tags?post=2695"}],"curies":[{"name":"wp","href":"https:\/\/api.w.org\/{rel}","templated":true}]}}