{"id":3072,"date":"2024-12-19T16:52:11","date_gmt":"2024-12-19T15:52:11","guid":{"rendered":"https:\/\/www.scouts-europe.org\/scoutorama\/?p=3072"},"modified":"2025-02-11T14:19:36","modified_gmt":"2025-02-11T13:19:36","slug":"proposition-de-temps-de-priere-pour-une-patrouille","status":"publish","type":"post","link":"https:\/\/www.scouts-europe.org\/scoutorama\/proposition-de-temps-de-priere-pour-une-patrouille\/","title":{"rendered":"Proposition de temps de pri\u00e8re pour une patrouille"},"content":{"rendered":"\t\t<div data-elementor-type=\"wp-post\" data-elementor-id=\"3072\" class=\"elementor elementor-3072\">\n\t\t\t\t\t\t<section class=\"elementor-section elementor-top-section elementor-element elementor-element-8041808 elementor-section-boxed elementor-section-height-default elementor-section-height-default\" data-id=\"8041808\" data-element_type=\"section\" data-e-type=\"section\">\n\t\t\t\t\t\t<div class=\"elementor-container elementor-column-gap-default\">\n\t\t\t\t\t<div class=\"elementor-column elementor-col-100 elementor-top-column elementor-element elementor-element-7caf085\" data-id=\"7caf085\" data-element_type=\"column\" data-e-type=\"column\" data-settings=\"{&quot;background_background&quot;:&quot;classic&quot;}\">\n\t\t\t<div class=\"elementor-widget-wrap elementor-element-populated\">\n\t\t\t\t\t\t<div class=\"elementor-element elementor-element-4eb47f7 elementor-widget elementor-widget-heading\" data-id=\"4eb47f7\" data-element_type=\"widget\" data-e-type=\"widget\" data-widget_type=\"heading.default\">\n\t\t\t\t<div class=\"elementor-widget-container\">\n\t\t\t\t\t<h2 class=\"elementor-heading-title elementor-size-default\">Proposition de temps de pri\u00e8re pour une patrouille<\/h2>\t\t\t\t<\/div>\n\t\t\t\t<\/div>\n\t\t\t\t\t<\/div>\n\t\t<\/div>\n\t\t\t\t\t<\/div>\n\t\t<\/section>\n\t\t\t\t<section class=\"elementor-section elementor-top-section elementor-element elementor-element-c9ad98d elementor-section-boxed elementor-section-height-default elementor-section-height-default\" data-id=\"c9ad98d\" data-element_type=\"section\" data-e-type=\"section\">\n\t\t\t\t\t\t<div class=\"elementor-container elementor-column-gap-default\">\n\t\t\t\t\t<div class=\"elementor-column elementor-col-100 elementor-top-column elementor-element elementor-element-d3c91f1\" data-id=\"d3c91f1\" data-element_type=\"column\" data-e-type=\"column\" data-settings=\"{&quot;background_background&quot;:&quot;classic&quot;}\">\n\t\t\t<div class=\"elementor-widget-wrap elementor-element-populated\">\n\t\t\t\t\t\t<div class=\"elementor-element elementor-element-a60be97 elementor-widget elementor-widget-spacer\" data-id=\"a60be97\" data-element_type=\"widget\" data-e-type=\"widget\" data-widget_type=\"spacer.default\">\n\t\t\t\t<div class=\"elementor-widget-container\">\n\t\t\t\t\t\t\t<div class=\"elementor-spacer\">\n\t\t\t<div class=\"elementor-spacer-inner\"><\/div>\n\t\t<\/div>\n\t\t\t\t\t\t<\/div>\n\t\t\t\t<\/div>\n\t\t\t\t<div class=\"elementor-element elementor-element-969ce5a elementor-widget elementor-widget-text-editor\" data-id=\"969ce5a\" data-element_type=\"widget\" data-e-type=\"widget\" data-widget_type=\"text-editor.default\">\n\t\t\t\t<div class=\"elementor-widget-container\">\n\t\t\t\t\t\t\t\t\t<div id=\"chapo\" class=\"coul_dominante\"><div id=\"chapo_article\"><div id=\"chapo_article li\"><div id=\"chapo_article\"><div id=\"chapo_article li\"><p><i>Le liturgiste annonce la page 354 du Hodari, et le chantre entonne \u00ab\u00a0\u00d4 mon ami, mon fr\u00e8re, ma s\u0153ur\u00a0\u00bb et se levant avec son \u00e9quipe, sans plus d\u2019indication amorce le mouvement\u00a0: tous se rassemblent debout autour du feu.<\/i><\/p><p><i>On garde ainsi le climat de qui\u00e9tude amen\u00e9 par la courbe de veill\u00e9e. Le temps de pri\u00e8re se distingue de la veill\u00e9e, on quitte l\u2019imaginaire. Notre pri\u00e8re est ici commune, communiante. En nous mettant sous le regard d\u2019un m\u00eame P\u00e8re, nous b\u00e2tissons notre fraternit\u00e9 dans le Christ qui prie avec nous. C\u2019est donc un chant de rassemblement qui est choisi de pr\u00e9f\u00e9rence, comme celui-ci, \u00e0 d\u00e9couvrir dans ton Hodari.<\/i><\/p><\/div><\/div><\/div><\/div><\/div>\t\t\t\t\t\t\t\t<\/div>\n\t\t\t\t<\/div>\n\t\t\t\t\t<\/div>\n\t\t<\/div>\n\t\t\t\t\t<\/div>\n\t\t<\/section>\n\t\t\t\t<section class=\"elementor-section elementor-top-section elementor-element elementor-element-2bf3347 elementor-section-boxed elementor-section-height-default elementor-section-height-default\" data-id=\"2bf3347\" data-element_type=\"section\" data-e-type=\"section\">\n\t\t\t\t\t\t<div class=\"elementor-container elementor-column-gap-default\">\n\t\t\t\t\t<div class=\"elementor-column elementor-col-100 elementor-top-column elementor-element elementor-element-51bd5d0\" data-id=\"51bd5d0\" data-element_type=\"column\" data-e-type=\"column\" data-settings=\"{&quot;background_background&quot;:&quot;classic&quot;}\">\n\t\t\t<div class=\"elementor-widget-wrap elementor-element-populated\">\n\t\t\t\t\t\t<div class=\"elementor-element elementor-element-0363828 elementor-widget elementor-widget-spacer\" data-id=\"0363828\" data-element_type=\"widget\" data-e-type=\"widget\" data-widget_type=\"spacer.default\">\n\t\t\t\t<div class=\"elementor-widget-container\">\n\t\t\t\t\t\t\t<div class=\"elementor-spacer\">\n\t\t\t<div class=\"elementor-spacer-inner\"><\/div>\n\t\t<\/div>\n\t\t\t\t\t\t<\/div>\n\t\t\t\t<\/div>\n\t\t\t\t<div class=\"elementor-element elementor-element-e882ac2 elementor-widget elementor-widget-text-editor\" data-id=\"e882ac2\" data-element_type=\"widget\" data-e-type=\"widget\" data-widget_type=\"text-editor.default\">\n\t\t\t\t<div class=\"elementor-widget-container\">\n\t\t\t\t\t\t\t\t\t<p><i>Refrain\u00a0:<\/i>\u00a0\u00d4 mon ami, mon fr\u00e8re, ma s\u0153ur,<\/p><p>Un jour nous serons unis dans le P\u00e8re<\/p><p>Nos yeux verront la m\u00eame lumi\u00e8re<\/p><p>Et nous conna\u00eetrons sans fin le bonheur.<\/p><p>Nous avons pein\u00e9 aux m\u00eames routes<\/p><p>Avons parcouru m\u00eames chemins<\/p><p>Nous croyons qu\u2019un jour sans aucun doute<\/p><p>Nous partagerons encore le pain.<\/p><p>Bien souvent dans la joie ou le rire,<\/p><p>Nous avons crois\u00e9 notre regard\u00a0:<\/p><p>Sachant bien ce que nous voulions dire,<\/p><p>Nous nous sommes compris sans retard.<\/p><p>Accord\u00e9s pour le chant ou la danse,<\/p><p>Notre joie nous l\u2019avons partag\u00e9e.<\/p><p>Pour t\u00e9moigner de cette esp\u00e9rance<\/p><p>Nous voulons donner notre amiti\u00e9.<\/p><p>Quelquefois tu avais de la peine<\/p><p>Et, simplement, tes yeux me l\u2019ont dit.<\/p><p>Tu le savais bien, quoiqu\u2019il advienne,<\/p><p>Au besoin, on reconna\u00eet l\u2019ami.<\/p><p>Et si nous semblons refaire le monde,<\/p><p>Dans le feu de tant de discussions,<\/p><p>Nous voulons que la vie soit f\u00e9conde\u00a0:<\/p><p>Le Royaume, nous le b\u00e2tissons\u00a0!<\/p>\t\t\t\t\t\t\t\t<\/div>\n\t\t\t\t<\/div>\n\t\t\t\t\t<\/div>\n\t\t<\/div>\n\t\t\t\t\t<\/div>\n\t\t<\/section>\n\t\t\t\t<section class=\"elementor-section elementor-top-section elementor-element elementor-element-532d5a3 elementor-section-boxed elementor-section-height-default elementor-section-height-default\" data-id=\"532d5a3\" data-element_type=\"section\" data-e-type=\"section\">\n\t\t\t\t\t\t<div class=\"elementor-container elementor-column-gap-default\">\n\t\t\t\t\t<div class=\"elementor-column elementor-col-100 elementor-top-column elementor-element elementor-element-6208bfb\" data-id=\"6208bfb\" data-element_type=\"column\" data-e-type=\"column\" data-settings=\"{&quot;background_background&quot;:&quot;classic&quot;}\">\n\t\t\t<div class=\"elementor-widget-wrap elementor-element-populated\">\n\t\t\t\t\t\t<div class=\"elementor-element elementor-element-c460a9e elementor-widget elementor-widget-spacer\" data-id=\"c460a9e\" data-element_type=\"widget\" data-e-type=\"widget\" data-widget_type=\"spacer.default\">\n\t\t\t\t<div class=\"elementor-widget-container\">\n\t\t\t\t\t\t\t<div class=\"elementor-spacer\">\n\t\t\t<div class=\"elementor-spacer-inner\"><\/div>\n\t\t<\/div>\n\t\t\t\t\t\t<\/div>\n\t\t\t\t<\/div>\n\t\t\t\t<div class=\"elementor-element elementor-element-a414766 elementor-widget elementor-widget-text-editor\" data-id=\"a414766\" data-element_type=\"widget\" data-e-type=\"widget\" data-widget_type=\"text-editor.default\">\n\t\t\t\t<div class=\"elementor-widget-container\">\n\t\t\t\t\t\t\t\t\t<p><strong>Le liturgiste\u00a0:<\/strong>\u00a0\u00ab\u00a0Dieu notre P\u00e8re, tout au long du jour, dans la joie de nos jeux fraternels, dans nos efforts de service et de charit\u00e9, c\u2019est Toi que nous avons cherch\u00e9. Et tu t\u2019es laiss\u00e9 trouver. Au seuil de la nuit o\u00f9 tu demeures avec nous, nous prenons quelques secondes de silence pour nous souvenir des gr\u00e2ces dont tu nous as combl\u00e9s.\u00a0\u00bb<\/p><p><i>(silence, o\u00f9 certains peuvent spontan\u00e9ment partager leur action de gr\u00e2ce. On peut conclure par un court refrain d\u2019action de gr\u00e2ce)<\/i><\/p><p><strong>Le liturgiste\u00a0:<\/strong>\u00a0\u00ab\u00a0Dieu notre P\u00e8re, si nous n\u2019avons pas fait le bien que nous voulions, si nous n\u2019avons pas aim\u00e9 comme tu aimes, nous nous rappelons que tu nous as aim\u00e9 le premier\u00a0: par sa mort et sa R\u00e9surrection, le Christ J\u00e9sus est notre chemin.<\/p><p>La marche est nouvelle chaque jour, je veux abandonner mes p\u00e9ch\u00e9s pour courir vers Toi. En ta Mis\u00e9ricorde, je puise la force et la confiance pour demander pardon \u00e0 ceux que tu m\u2019as donn\u00e9s aujourd\u2019hui \u00e0 aimer.\u00a0\u00bb<\/p><p><i>(silence, o\u00f9 certains peuvent spontan\u00e9ment exprimer une demande de pardon ou bien on peut r\u00e9citer ensemble le Je confesse \u00e0 Dieu)<\/i><\/p><p><strong>Le chantre\u00a0:<\/strong><\/p><p>Kyrie, el\u00e9ison\u00a0!\u00a0<i>(repris par tous)<\/i><\/p><p>Christe, el\u00e9ison\u00a0!\u00a0<i>(idem)<\/i><\/p><p>Kyrie, el\u00e9ison\u00a0!\u00a0<i>(idem)<\/i><\/p><p><strong>Le lecteur\u00a0:<br class=\"autobr\" \/><\/strong>\u00ab\u00a0De la premi\u00e8re lettre de Saint Pierre, Ap\u00f4tre\u00a0: Vous tous, enfin, vivez en parfait accord, dans la sympathie, l\u2019amour fraternel, la compassion et l\u2019esprit d\u2019humilit\u00e9.<\/p><p>Ne rendez pas le mal pour le mal, ni l\u2019insulte pour l\u2019insulte\u00a0; au contraire, invoquez sur les autres la b\u00e9n\u00e9diction, car c\u2019est \u00e0 cela que vous avez \u00e9t\u00e9 appel\u00e9s, afin de recevoir en h\u00e9ritage cette b\u00e9n\u00e9diction.\u00a0\u00bb<strong><br class=\"autobr\" \/><\/strong><\/p><p><i><br class=\"autobr\" \/><\/i><strong>Le liturgiste\u00a0:<\/strong>\u00a0\u00ab\u00a0Dieu notre P\u00e8re, Tu es la source de tout Bien\u00a0; ce Bien, nous te le demandons pour nous-m\u00eames et pour notre prochain, pour tous ceux qui ont besoin de ton Amour et de ta V\u00e9rit\u00e9.\u00a0\u00bb<br class=\"autobr\" \/><i>(silence, o\u00f9 certains peuvent spontan\u00e9ment exprimer leurs intentions de pri\u00e8re. On pourra \u00e9ventuellement rassembler toutes ces pri\u00e8res en chantant le Notre-P\u00e8re)<\/i><br class=\"autobr\" \/><strong><br class=\"autobr\" \/>Le chantre\u00a0:<\/strong><i>\u00a0<\/i>Cantique de Sym\u00e9on\u00a0<i>chant\u00e9<br class=\"autobr\" \/>Par exemple\u00a0:<br class=\"autobr\" \/>Partition Cote SECLI\u00a0: Z(NT) 3-5 Parole et musique\u00a0: s\u0153ur Luce Martens Editions de l\u2019Emmanuel ou ZL-29-97-3 Texte\u00a0: AELF Musique de Jean-Fran\u00e7ois Fr\u00e9mont<\/i><\/p><p><strong>Le liturgiste (ou le conseiller religieux, s\u2019il est pr\u00e9sent)\u00a0:<\/strong>\u00a0\u00ab\u00a0Dieu \u00e9ternel, tu as \u00e9cout\u00e9 la pri\u00e8re de ton Christ, et tu l\u2019as d\u00e9livr\u00e9 de la mort\u00a0; ne permets pas que nos c\u0153urs se troublent, rassure-nous dans notre nuit, comble-nous de ta joie, et nous attendrons dans le silence et la paix que se l\u00e8ve sur nous la lumi\u00e8re de la R\u00e9surrection. Par J\u00e9sus, le Christ, notre Seigneur. Amen.\u00a0\u00bb<\/p><p><strong>Le liturgiste\u00a0:<\/strong>\u00a0\u00ab\u00a0Demandons \u00e0 Notre-Dame qu\u2019elle poursuive notre pri\u00e8re aupr\u00e8s de son Fils en chantant page 374.\u00a0\u00bb<\/p><p><strong>Le chantre\u00a0:<br class=\"autobr\" \/><\/strong>1. Voyez, \u00f4 Notre-Dame,<br class=\"autobr\" \/>Vos scouts sont devant vous,<br class=\"autobr\" \/>IIs viennent vous prier, Gratia plena,<br class=\"autobr\" \/>Vous les \u00e9couterez, Mater alma.<br class=\"autobr\" \/>2. Ils voudraient que leur \u00e2me<br class=\"autobr\" \/>F\u00fbt toujours belle pour vous<br class=\"autobr\" \/>Et leur vie \u00e0 vos yeux, Gratia plena,<br class=\"autobr\" \/>Comme un reflet de Dieu, Mater alma.<br class=\"autobr\" \/>3. O vous, l\u2019amour immense,<br class=\"autobr\" \/>Rendez leur c\u0153ur plus grand<br class=\"autobr\" \/>Et d\u2019amour d\u00e9bordant, Gratia plena,<br class=\"autobr\" \/>Puis \u00e9levez-le vers nous, Mater alma.<\/p><p>4.<strong>\u00a0<\/strong>Accordez-leur la gr\u00e2ce<br class=\"autobr\" \/>D\u2019\u00eatre pr\u00eat maintenant,<br class=\"autobr\" \/>Pour, leur service achev\u00e9, Gratia plena,<br class=\"autobr\" \/>Aimer \u00e9ternellement, Mater alma.<\/p><p><strong>Le liturgiste\u00a0:<\/strong>\u00a0\u00ab\u00a0Que le Seigneur nous b\u00e9nisse, qu\u2019il nous accorde une nuit tranquille et nous garde dans la paix.\u00a0\u00bb<br class=\"autobr\" \/><strong>Si c\u2019est le CR\u00a0:<\/strong>\u00a0\u00ab\u00a0Que le Seigneur vous b\u00e9nisse, qu\u2019il vous accorde une nuit tranquille et vous garde dans la paix.\u00a0\u00bb<br class=\"autobr\" \/><i>Le-la CP entonne une ronde de nuit.<\/i><\/p>\t\t\t\t\t\t\t\t<\/div>\n\t\t\t\t<\/div>\n\t\t\t\t\t<\/div>\n\t\t<\/div>\n\t\t\t\t\t<\/div>\n\t\t<\/section>\n\t\t\t\t<\/div>\n\t\t","protected":false},"excerpt":{"rendered":"<p>Le liturgiste annonce la page 354 du Hodari, et le chantre entonne \u00ab\u00a0\u00d4 mon ami, mon fr\u00e8re, ma s\u0153ur\u00a0\u00bb et se levant avec son \u00e9quipe, sans plus d\u2019indication amorce le mouvement\u00a0: tous se rassemblent debout autour du feu.<\/p>\n","protected":false},"author":11,"featured_media":0,"comment_status":"closed","ping_status":"closed","sticky":false,"template":"","format":"standard","meta":{"_seopress_robots_primary_cat":"","_seopress_titles_title":"","_seopress_titles_desc":"","_seopress_robots_index":"","site-sidebar-layout":"default","site-content-layout":"","ast-site-content-layout":"default","site-content-style":"default","site-sidebar-style":"default","ast-global-header-display":"","ast-banner-title-visibility":"","ast-main-header-display":"","ast-hfb-above-header-display":"","ast-hfb-below-header-display":"","ast-hfb-mobile-header-display":"","site-post-title":"","ast-breadcrumbs-content":"","ast-featured-img":"","footer-sml-layout":"","theme-transparent-header-meta":"","adv-header-id-meta":"","stick-header-meta":"","header-above-stick-meta":"","header-main-stick-meta":"","header-below-stick-meta":"","astra-migrate-meta-layouts":"set","ast-page-background-enabled":"default","ast-page-background-meta":{"desktop":{"background-color":"var(--ast-global-color-4)","background-image":"","background-repeat":"repeat","background-position":"center center","background-size":"auto","background-attachment":"scroll","background-type":"","background-media":"","overlay-type":"","overlay-color":"","overlay-opacity":"","overlay-gradient":""},"tablet":{"background-color":"","background-image":"","background-repeat":"repeat","background-position":"center center","background-size":"auto","background-attachment":"scroll","background-type":"","background-media":"","overlay-type":"","overlay-color":"","overlay-opacity":"","overlay-gradient":""},"mobile":{"background-color":"","background-image":"","background-repeat":"repeat","background-position":"center center","background-size":"auto","background-attachment":"scroll","background-type":"","background-media":"","overlay-type":"","overlay-color":"","overlay-opacity":"","overlay-gradient":""}},"ast-content-background-meta":{"desktop":{"background-color":"var(--ast-global-color-5)","background-image":"","background-repeat":"repeat","background-position":"center center","background-size":"auto","background-attachment":"scroll","background-type":"","background-media":"","overlay-type":"","overlay-color":"","overlay-opacity":"","overlay-gradient":""},"tablet":{"background-color":"var(--ast-global-color-5)","background-image":"","background-repeat":"repeat","background-position":"center center","background-size":"auto","background-attachment":"scroll","background-type":"","background-media":"","overlay-type":"","overlay-color":"","overlay-opacity":"","overlay-gradient":""},"mobile":{"background-color":"var(--ast-global-color-5)","background-image":"","background-repeat":"repeat","background-position":"center center","background-size":"auto","background-attachment":"scroll","background-type":"","background-media":"","overlay-type":"","overlay-color":"","overlay-opacity":"","overlay-gradient":""}},"footnotes":""},"categories":[19,47],"tags":[],"class_list":["post-3072","post","type-post","status-publish","format-standard","hentry","category-expression","category-numeros"],"_links":{"self":[{"href":"https:\/\/www.scouts-europe.org\/scoutorama\/wp-json\/wp\/v2\/posts\/3072","targetHints":{"allow":["GET"]}}],"collection":[{"href":"https:\/\/www.scouts-europe.org\/scoutorama\/wp-json\/wp\/v2\/posts"}],"about":[{"href":"https:\/\/www.scouts-europe.org\/scoutorama\/wp-json\/wp\/v2\/types\/post"}],"author":[{"embeddable":true,"href":"https:\/\/www.scouts-europe.org\/scoutorama\/wp-json\/wp\/v2\/users\/11"}],"replies":[{"embeddable":true,"href":"https:\/\/www.scouts-europe.org\/scoutorama\/wp-json\/wp\/v2\/comments?post=3072"}],"version-history":[{"count":10,"href":"https:\/\/www.scouts-europe.org\/scoutorama\/wp-json\/wp\/v2\/posts\/3072\/revisions"}],"predecessor-version":[{"id":6245,"href":"https:\/\/www.scouts-europe.org\/scoutorama\/wp-json\/wp\/v2\/posts\/3072\/revisions\/6245"}],"wp:attachment":[{"href":"https:\/\/www.scouts-europe.org\/scoutorama\/wp-json\/wp\/v2\/media?parent=3072"}],"wp:term":[{"taxonomy":"category","embeddable":true,"href":"https:\/\/www.scouts-europe.org\/scoutorama\/wp-json\/wp\/v2\/categories?post=3072"},{"taxonomy":"post_tag","embeddable":true,"href":"https:\/\/www.scouts-europe.org\/scoutorama\/wp-json\/wp\/v2\/tags?post=3072"}],"curies":[{"name":"wp","href":"https:\/\/api.w.org\/{rel}","templated":true}]}}