{"id":3127,"date":"2025-01-14T15:44:12","date_gmt":"2025-01-14T14:44:12","guid":{"rendered":"https:\/\/www.scouts-europe.org\/scoutorama\/?p=3127"},"modified":"2025-02-11T14:17:10","modified_gmt":"2025-02-11T13:17:10","slug":"derniere-lettre-de-marcel-callo-a-sa-famille-6-juillet-1944-mime","status":"publish","type":"post","link":"https:\/\/www.scouts-europe.org\/scoutorama\/derniere-lettre-de-marcel-callo-a-sa-famille-6-juillet-1944-mime\/","title":{"rendered":"Derni\u00e8re lettre de Marcel Callo \u00e0 sa famille (6 juillet 1944\/ mime)"},"content":{"rendered":"\t\t<div data-elementor-type=\"wp-post\" data-elementor-id=\"3127\" class=\"elementor elementor-3127\">\n\t\t\t\t\t\t<section class=\"elementor-section elementor-top-section elementor-element elementor-element-8041808 elementor-section-boxed elementor-section-height-default elementor-section-height-default\" data-id=\"8041808\" data-element_type=\"section\" data-e-type=\"section\">\n\t\t\t\t\t\t<div class=\"elementor-container elementor-column-gap-default\">\n\t\t\t\t\t<div class=\"elementor-column elementor-col-100 elementor-top-column elementor-element elementor-element-7caf085\" data-id=\"7caf085\" data-element_type=\"column\" data-e-type=\"column\" data-settings=\"{&quot;background_background&quot;:&quot;classic&quot;}\">\n\t\t\t<div class=\"elementor-widget-wrap elementor-element-populated\">\n\t\t\t\t\t\t<div class=\"elementor-element elementor-element-4eb47f7 elementor-widget elementor-widget-heading\" data-id=\"4eb47f7\" data-element_type=\"widget\" data-e-type=\"widget\" data-widget_type=\"heading.default\">\n\t\t\t\t<div class=\"elementor-widget-container\">\n\t\t\t\t\t<h2 class=\"elementor-heading-title elementor-size-default\">Derni\u00e8re lettre de Marcel Callo \u00e0 sa famille (6 juillet 1944\/ mime)<\/h2>\t\t\t\t<\/div>\n\t\t\t\t<\/div>\n\t\t\t\t\t<\/div>\n\t\t<\/div>\n\t\t\t\t\t<\/div>\n\t\t<\/section>\n\t\t\t\t<section class=\"elementor-section elementor-top-section elementor-element elementor-element-c9ad98d elementor-section-boxed elementor-section-height-default elementor-section-height-default\" data-id=\"c9ad98d\" data-element_type=\"section\" data-e-type=\"section\">\n\t\t\t\t\t\t<div class=\"elementor-container elementor-column-gap-default\">\n\t\t\t\t\t<div class=\"elementor-column elementor-col-100 elementor-top-column elementor-element elementor-element-d3c91f1\" data-id=\"d3c91f1\" data-element_type=\"column\" data-e-type=\"column\" data-settings=\"{&quot;background_background&quot;:&quot;classic&quot;}\">\n\t\t\t<div class=\"elementor-widget-wrap elementor-element-populated\">\n\t\t\t\t\t\t<div class=\"elementor-element elementor-element-a60be97 elementor-widget elementor-widget-spacer\" data-id=\"a60be97\" data-element_type=\"widget\" data-e-type=\"widget\" data-widget_type=\"spacer.default\">\n\t\t\t\t<div class=\"elementor-widget-container\">\n\t\t\t\t\t\t\t<div class=\"elementor-spacer\">\n\t\t\t<div class=\"elementor-spacer-inner\"><\/div>\n\t\t<\/div>\n\t\t\t\t\t\t<\/div>\n\t\t\t\t<\/div>\n\t\t\t\t<div class=\"elementor-element elementor-element-969ce5a elementor-widget elementor-widget-text-editor\" data-id=\"969ce5a\" data-element_type=\"widget\" data-e-type=\"widget\" data-widget_type=\"text-editor.default\">\n\t\t\t\t<div class=\"elementor-widget-container\">\n\t\t\t\t\t\t\t\t\t<div id=\"chapo\" class=\"coul_dominante\"><div id=\"chapo_article\"><div id=\"chapo_article li\"><div id=\"chapo_article\"><div id=\"chapo_article li\"><div id=\"chapo_article\"><div id=\"chapo_article li\"><p>L\u2019article suivant se d\u00e9compose en deux parties\u00a0:<br class=\"autobr\" \/>La lettre de Marcel Callo<br class=\"autobr\" \/>La mise en sc\u00e8ne<\/p><p>Il vous est fortement conseill\u00e9 d\u2019utiliser la fiche technique suivante\u00a0:<\/p><\/div><\/div><\/div><\/div><\/div><\/div><\/div>\t\t\t\t\t\t\t\t<\/div>\n\t\t\t\t<\/div>\n\t\t\t\t\t<\/div>\n\t\t<\/div>\n\t\t\t\t\t<\/div>\n\t\t<\/section>\n\t\t\t\t<section class=\"elementor-section elementor-top-section elementor-element elementor-element-2bf3347 elementor-section-boxed elementor-section-height-default elementor-section-height-default\" data-id=\"2bf3347\" data-element_type=\"section\" data-e-type=\"section\">\n\t\t\t\t\t\t<div class=\"elementor-container elementor-column-gap-default\">\n\t\t\t\t\t<div class=\"elementor-column elementor-col-100 elementor-top-column elementor-element elementor-element-51bd5d0\" data-id=\"51bd5d0\" data-element_type=\"column\" data-e-type=\"column\" data-settings=\"{&quot;background_background&quot;:&quot;classic&quot;}\">\n\t\t\t<div class=\"elementor-widget-wrap elementor-element-populated\">\n\t\t\t\t\t\t<div class=\"elementor-element elementor-element-e882ac2 elementor-widget elementor-widget-text-editor\" data-id=\"e882ac2\" data-element_type=\"widget\" data-e-type=\"widget\" data-widget_type=\"text-editor.default\">\n\t\t\t\t<div class=\"elementor-widget-container\">\n\t\t\t\t\t\t\t\t\t<p><strong>Texte de la lettre<\/strong><\/p><p>\u00ab\u00a0Bien chers papa et maman, mes chers petits fr\u00e8res et s\u0153urs,<br class=\"autobr\" \/>\u2026 il n\u2019y a qu\u2019une chose qui me manque en ce moment, ce sont vos ch\u00e8res lettres. Je manque totalement de vos nouvelles, ainsi que de tous les amis et camarades depuis trois mois.<\/p><p>Par moment, cette solitude se fait sentir et j\u2019ai peine \u00e0 refouler mon chagrin. J\u2019\u00e9tais habitu\u00e9 \u00e0 recevoir tant de lettres de vous et de ma petite fianc\u00e9e, que ce manque de lettres fait un grand vide dans ma vie\u2026 Heureusement, il est un Ami qui ne me quitte pas un seul instant et qui sait me soutenir dans les heures p\u00e9nibles et accablantes.<\/p><p>Avec Lui, l\u2019on supporte tout. Combien je remercie le Christ de m\u2019avoir trac\u00e9 le chemin que je suis en ce moment. Quelles chics journ\u00e9es \u00e0 lui offrir\u00a0! Combien mon offrande journali\u00e8re doit Lui \u00eatre agr\u00e9able\u00a0!<\/p><p>Toutes mes souffrances et difficult\u00e9s je les offre pour vous tous, mes bien chers parents, pour ma petite fianc\u00e9e, pour Jean, mon grand fr\u00e8re pr\u00eatre, afin que son minist\u00e8re soit f\u00e9cond\u00a0; pour tous mes amis et camarades. Oui, combien il est doux et r\u00e9confortant de souffrir pour ceux qu\u2019on aime\u2026<\/p><p>Chaque soir, avant de m\u2019endormir, je pense \u00e0 l\u2019avenir\u00a0; je passe en revue qualit\u00e9s et d\u00e9fauts\u00a0; je m\u2019efforce de devenir meilleur en me rapprochant de plus en plus de Dieu\u00a0; petit \u00e0 petit, je pr\u00e9pare et b\u00e2tis ce chic foyer que je fonderai \u00e0 mon retour\u00a0; chaque soir aussi ma pens\u00e9e va vers la France.<\/p><p>Combien je la d\u00e9sire belle et florissante\u00a0! Tous mes camarades et moi, nous souffrons de la voir dans l\u2019\u00e9tat o\u00f9 elle est actuellement\u00a0; nous tous qui avons souffert, nous la reconstruirons et nous saurons lui donner son vrai visage.<\/p><p>Dieu, famille, patrie\u2026 trois mots qui se compl\u00e8tent et qu\u2019on ne devrait jamais s\u00e9parer. Si chaque individu voulait b\u00e2tir et s\u2019appuyer sur ces trois bases, tout irait bien\u2026\u00a0\u00bb.<br class=\"autobr\" \/><i><\/i><br class=\"autobr\" \/><i><\/i><\/p><p><strong><a name=\"2miseenscene\"><\/a>Mise en Sc\u00e8ne<\/strong><\/p><p><i>A droite, Marcel Callo assis \u00e0 une table en train d\u2019\u00e9crire, \u00e0 gauche trois ou quatre personnes\u00a0: la famille Callo, debout, immobile, qui regarde ensemble une lettre\u2026<\/i><br class=\"autobr\" \/>\u00ab\u00a0Bien chers papa et maman, mes chers petits fr\u00e8res et s\u0153urs, il n\u2019y a qu\u2019une chose qui me manque en ce moment, ce sont vos ch\u00e8res lettres. Je manque totalement de vos nouvelles, ainsi que de tous les amis et camarades depuis trois mois.<\/p><p><i>Marcel s\u2019arr\u00eate d\u2019\u00e9crire sa lettre, rel\u00e8ve la t\u00eate. La famille se penche alors sur le courrier. Silence, puis Marcel se l\u00e8ve, baisse la t\u00eate, en tenant sa lettre \u00e0 deux mains.<\/i><br class=\"autobr\" \/>Par moment, cette solitude se fait sentir et j\u2019ai peine \u00e0 refouler mon chagrin. J\u2019\u00e9tais habitu\u00e9 \u00e0 recevoir tant de lettres de vous et de ma petite fianc\u00e9e que ce manque de lettres fait un grand vide dans ma vie\u2026<\/p><p><i>Marcel rel\u00e8ve la t\u00eate, regarde la croix sur le devant de la sc\u00e8ne.<\/i><br class=\"autobr\" \/>Heureusement, il est un Ami qui ne me quitte pas un seul instant et qui sait me soutenir dans les heures p\u00e9nibles et accablantes.<\/p><p><i>La famille rel\u00e8ve la t\u00eate, regarde la croix et s\u2019avance de deux pas vers la croix.<br class=\"autobr\" \/>Marcel, regard se tournant vers le ciel, ouvrant lentement les bras en geste d\u2019offrande (la lettre dans une main), puis balayant l\u2019assembl\u00e9e du regard.<\/i><\/p><p>Avec Lui, l\u2019on supporte tout. Combien je remercie le Christ de m\u2019avoir trac\u00e9 le chemin que je suis en ce moment. Quelles chics journ\u00e9es \u00e0 lui offrir\u00a0! Combien mon offrande journali\u00e8re doit Lui \u00eatre agr\u00e9able\u00a0! Toutes mes souffrances et difficult\u00e9s, je les offre pour vous tous, mes bien chers parents, pour ma petite fianc\u00e9e, pour Jean, mon grand fr\u00e8re pr\u00eatre, afin que son minist\u00e8re soit f\u00e9cond, pour tous mes amis et camarades.<\/p><p><i>Marcel s\u2019avance de deux pas vers la croix, il serre sa lettre sur son c\u0153ur.<\/i><br class=\"autobr\" \/>Oui, combien il est doux et r\u00e9confortant de souffrir pour ceux qu\u2019on aime\u2026<\/p><p><i>La famille se rapproche encore de deux pas vers la croix. Marcel reprend la lecture de sa lettre, s\u2019avance encore, et s\u2019agenouille au pied de la croix.<\/i><br class=\"autobr\" \/>Chaque soir, avant de m\u2019endormir, je pense \u00e0 l\u2019avenir\u00a0; je passe en revue qualit\u00e9s et d\u00e9fauts\u00a0; je m\u2019efforce de devenir meilleur en me rapprochant de plus en plus de Dieu. Petit \u00e0 petit, je pr\u00e9pare et b\u00e2tis ce chic foyer que je fonderai \u00e0 mon retour. Chaque soir aussi ma pens\u00e9e va vers la France.<\/p><p>La famille s\u2019avance et s\u2019agenouille au pied de la croix. Marcel se met alors debout, la lettre pos\u00e9e pr\u00e8s de la croix.<\/p><p>Combien je la d\u00e9sire belle et florissante\u00a0! Tous mes camarades et moi, nous souffrons de la voir dans l\u2019\u00e9tat o\u00f9 elle est actuellement. Nous tous qui avons souffert, nous la reconstruirons et nous saurons lui donner son vrai visage. Dieu, notre famille, notre pays\u2026 des mots qui se compl\u00e8tent et qu\u2019on ne devrait jamais s\u00e9parer. Si chaque individu voulait b\u00e2tir et s\u2019appuyer sur ces trois bases, tout irait bien\u2026\u00a0\u00bb.<\/p>\t\t\t\t\t\t\t\t<\/div>\n\t\t\t\t<\/div>\n\t\t\t\t\t<\/div>\n\t\t<\/div>\n\t\t\t\t\t<\/div>\n\t\t<\/section>\n\t\t\t\t<\/div>\n\t\t","protected":false},"excerpt":{"rendered":"<p>L\u2019article suivant se d\u00e9compose en deux parties\u00a0:<br \/>\nLa lettre de Marcel Callo<br \/>\nLa mise en sc\u00e8ne<\/p>\n","protected":false},"author":11,"featured_media":0,"comment_status":"closed","ping_status":"closed","sticky":false,"template":"","format":"standard","meta":{"_seopress_robots_primary_cat":"","_seopress_titles_title":"","_seopress_titles_desc":"","_seopress_robots_index":"","site-sidebar-layout":"default","site-content-layout":"","ast-site-content-layout":"default","site-content-style":"default","site-sidebar-style":"default","ast-global-header-display":"","ast-banner-title-visibility":"","ast-main-header-display":"","ast-hfb-above-header-display":"","ast-hfb-below-header-display":"","ast-hfb-mobile-header-display":"","site-post-title":"","ast-breadcrumbs-content":"","ast-featured-img":"","footer-sml-layout":"","theme-transparent-header-meta":"","adv-header-id-meta":"","stick-header-meta":"","header-above-stick-meta":"","header-main-stick-meta":"","header-below-stick-meta":"","astra-migrate-meta-layouts":"set","ast-page-background-enabled":"default","ast-page-background-meta":{"desktop":{"background-color":"var(--ast-global-color-4)","background-image":"","background-repeat":"repeat","background-position":"center center","background-size":"auto","background-attachment":"scroll","background-type":"","background-media":"","overlay-type":"","overlay-color":"","overlay-opacity":"","overlay-gradient":""},"tablet":{"background-color":"","background-image":"","background-repeat":"repeat","background-position":"center center","background-size":"auto","background-attachment":"scroll","background-type":"","background-media":"","overlay-type":"","overlay-color":"","overlay-opacity":"","overlay-gradient":""},"mobile":{"background-color":"","background-image":"","background-repeat":"repeat","background-position":"center center","background-size":"auto","background-attachment":"scroll","background-type":"","background-media":"","overlay-type":"","overlay-color":"","overlay-opacity":"","overlay-gradient":""}},"ast-content-background-meta":{"desktop":{"background-color":"var(--ast-global-color-5)","background-image":"","background-repeat":"repeat","background-position":"center center","background-size":"auto","background-attachment":"scroll","background-type":"","background-media":"","overlay-type":"","overlay-color":"","overlay-opacity":"","overlay-gradient":""},"tablet":{"background-color":"var(--ast-global-color-5)","background-image":"","background-repeat":"repeat","background-position":"center center","background-size":"auto","background-attachment":"scroll","background-type":"","background-media":"","overlay-type":"","overlay-color":"","overlay-opacity":"","overlay-gradient":""},"mobile":{"background-color":"var(--ast-global-color-5)","background-image":"","background-repeat":"repeat","background-position":"center center","background-size":"auto","background-attachment":"scroll","background-type":"","background-media":"","overlay-type":"","overlay-color":"","overlay-opacity":"","overlay-gradient":""}},"footnotes":""},"categories":[19,47],"tags":[],"class_list":["post-3127","post","type-post","status-publish","format-standard","hentry","category-expression","category-numeros"],"_links":{"self":[{"href":"https:\/\/www.scouts-europe.org\/scoutorama\/wp-json\/wp\/v2\/posts\/3127","targetHints":{"allow":["GET"]}}],"collection":[{"href":"https:\/\/www.scouts-europe.org\/scoutorama\/wp-json\/wp\/v2\/posts"}],"about":[{"href":"https:\/\/www.scouts-europe.org\/scoutorama\/wp-json\/wp\/v2\/types\/post"}],"author":[{"embeddable":true,"href":"https:\/\/www.scouts-europe.org\/scoutorama\/wp-json\/wp\/v2\/users\/11"}],"replies":[{"embeddable":true,"href":"https:\/\/www.scouts-europe.org\/scoutorama\/wp-json\/wp\/v2\/comments?post=3127"}],"version-history":[{"count":13,"href":"https:\/\/www.scouts-europe.org\/scoutorama\/wp-json\/wp\/v2\/posts\/3127\/revisions"}],"predecessor-version":[{"id":6218,"href":"https:\/\/www.scouts-europe.org\/scoutorama\/wp-json\/wp\/v2\/posts\/3127\/revisions\/6218"}],"wp:attachment":[{"href":"https:\/\/www.scouts-europe.org\/scoutorama\/wp-json\/wp\/v2\/media?parent=3127"}],"wp:term":[{"taxonomy":"category","embeddable":true,"href":"https:\/\/www.scouts-europe.org\/scoutorama\/wp-json\/wp\/v2\/categories?post=3127"},{"taxonomy":"post_tag","embeddable":true,"href":"https:\/\/www.scouts-europe.org\/scoutorama\/wp-json\/wp\/v2\/tags?post=3127"}],"curies":[{"name":"wp","href":"https:\/\/api.w.org\/{rel}","templated":true}]}}