{"id":4075,"date":"2025-01-30T09:14:47","date_gmt":"2025-01-30T08:14:47","guid":{"rendered":"https:\/\/www.scouts-europe.org\/scoutorama\/?p=4075"},"modified":"2025-02-11T11:45:35","modified_gmt":"2025-02-11T10:45:35","slug":"temoins-sainte-claire-dassise","status":"publish","type":"post","link":"https:\/\/www.scouts-europe.org\/scoutorama\/temoins-sainte-claire-dassise\/","title":{"rendered":"T\u00e9moins : Sainte Claire d&rsquo;Assise"},"content":{"rendered":"\t\t<div data-elementor-type=\"wp-post\" data-elementor-id=\"4075\" class=\"elementor elementor-4075\">\n\t\t\t\t\t\t<section class=\"elementor-section elementor-top-section elementor-element elementor-element-8041808 elementor-section-boxed elementor-section-height-default elementor-section-height-default\" data-id=\"8041808\" data-element_type=\"section\" data-e-type=\"section\">\n\t\t\t\t\t\t<div class=\"elementor-container elementor-column-gap-default\">\n\t\t\t\t\t<div class=\"elementor-column elementor-col-100 elementor-top-column elementor-element elementor-element-7caf085\" data-id=\"7caf085\" data-element_type=\"column\" data-e-type=\"column\" data-settings=\"{&quot;background_background&quot;:&quot;classic&quot;}\">\n\t\t\t<div class=\"elementor-widget-wrap elementor-element-populated\">\n\t\t\t\t\t\t<div class=\"elementor-element elementor-element-4eb47f7 elementor-widget elementor-widget-heading\" data-id=\"4eb47f7\" data-element_type=\"widget\" data-e-type=\"widget\" data-widget_type=\"heading.default\">\n\t\t\t\t<div class=\"elementor-widget-container\">\n\t\t\t\t\t<h2 class=\"elementor-heading-title elementor-size-default\">T\u00e9moins : Sainte Claire d'Assise<\/h2>\t\t\t\t<\/div>\n\t\t\t\t<\/div>\n\t\t\t\t\t<\/div>\n\t\t<\/div>\n\t\t\t\t\t<\/div>\n\t\t<\/section>\n\t\t\t\t<section class=\"elementor-section elementor-top-section elementor-element elementor-element-c9ad98d elementor-section-boxed elementor-section-height-default elementor-section-height-default\" data-id=\"c9ad98d\" data-element_type=\"section\" data-e-type=\"section\">\n\t\t\t\t\t\t<div class=\"elementor-container elementor-column-gap-default\">\n\t\t\t\t\t<div class=\"elementor-column elementor-col-100 elementor-top-column elementor-element elementor-element-d3c91f1\" data-id=\"d3c91f1\" data-element_type=\"column\" data-e-type=\"column\" data-settings=\"{&quot;background_background&quot;:&quot;classic&quot;}\">\n\t\t\t<div class=\"elementor-widget-wrap elementor-element-populated\">\n\t\t\t\t\t\t<div class=\"elementor-element elementor-element-a60be97 elementor-widget elementor-widget-spacer\" data-id=\"a60be97\" data-element_type=\"widget\" data-e-type=\"widget\" data-widget_type=\"spacer.default\">\n\t\t\t\t<div class=\"elementor-widget-container\">\n\t\t\t\t\t\t\t<div class=\"elementor-spacer\">\n\t\t\t<div class=\"elementor-spacer-inner\"><\/div>\n\t\t<\/div>\n\t\t\t\t\t\t<\/div>\n\t\t\t\t<\/div>\n\t\t\t\t<div class=\"elementor-element elementor-element-b6dd644 elementor-widget elementor-widget-text-editor\" data-id=\"b6dd644\" data-element_type=\"widget\" data-e-type=\"widget\" data-widget_type=\"text-editor.default\">\n\t\t\t\t<div class=\"elementor-widget-container\">\n\t\t\t\t\t\t\t\t\t<div id=\"chapo\" class=\"coul_dominante\"><div id=\"chapo_article\"><div id=\"chapo_article li\"><div id=\"chapo\" class=\"coul_dominante\"><div id=\"chapo_article\"><div id=\"chapo_article li\"><p>\u00ab\u00a0Ton enfant brillera et resplendira dans le monde entier\u00a0\u00bb. Voici la promesse que re\u00e7ut la maman de Claire au cours d\u2019une pri\u00e8re. La vie de sainte Claire d\u2019Assise montre qu\u2019elle fut largement accomplie\u00a0!<\/p><\/div><p>En 1193 na\u00eet \u00e0 Assise en Italie, une petite fille que ses parents, de riches ch\u00e2telains, pr\u00e9nomment Claire. Sa maman, tr\u00e8s pieuse, lui apprend \u00e0 conna\u00eetre J\u00e9sus et les \u00c9vangiles. Peu \u00e0 peu, le d\u00e9sir de se consacrer totalement au Seigneur grandit dans le c\u0153ur de Claire.<\/p><p>Craignant l\u2019opposition de ses parents qui r\u00eavent pour elle d\u2019un riche et beau mariage, Claire s\u2019enfuit une nuit de chez elle. Elle retrouve Fran\u00e7ois qui re\u00e7oit son v\u0153u de profession religieuse\u00a0: les ciseaux de fr\u00e8re Fran\u00e7ois font tomber \u00e0 terre sa chevelure d\u2019or\u00a0; sa belle robe de brocart et ses bijoux sont \u00e9chang\u00e9s contre une grossi\u00e8re bure et elle couvre sa t\u00eate d\u2019un voile. Quelle joie pour Claire de choisir ainsi la pauvret\u00e9 pour l\u2019amour du Christ\u00a0!<\/p><p>Apr\u00e8s avoir trouv\u00e9 refuge dans un couvent de religieuses b\u00e9n\u00e9dictines, Claire, qui a vite \u00e9t\u00e9 rejointe par d\u2019autres jeunes filles d\u00e9sireuses de se consacrer au Seigneur, s\u2019installe au couvent de Saint Damien. Guid\u00e9e par fr\u00e8re Fran\u00e7ois, elle \u00e9tablit pour sa petite communaut\u00e9 une r\u00e8gle de vie o\u00f9 la pri\u00e8re et la pauvret\u00e9 ont les premi\u00e8res places. Les s\u0153urs travaillent\u00a0: elles confectionnent des hosties, brodent du linge d\u2019autel et lavent les v\u00eatements des l\u00e9preux. Des fr\u00e8res s\u2019occupent de qu\u00eater la nourriture pour elles.<\/p><p>Claire est nomm\u00e9e l\u2019Abbesse de sa communaut\u00e9 par Fran\u00e7ois.<br class=\"autobr\" \/>D\u2019autres couvents suivant la m\u00eame r\u00e8gle sont cr\u00e9\u00e9s et de nombreux miracles sont dus \u00e0 sa pri\u00e8re.<\/p><p>Le 11 ao\u00fbt 1253, s\u0153ur Claire meurt dans la paix et la s\u00e9r\u00e9nit\u00e9.<br class=\"manualbr\" \/>Elle est canonis\u00e9e (c\u2019est-\u00e0-dire d\u00e9clar\u00e9e sainte) deux ans plus tard.<br class=\"manualbr\" \/>C\u2019est ainsi que s\u2019est r\u00e9alis\u00e9e la promesse que sa maman avait re\u00e7ue dans la pri\u00e8re\u00a0: agenouill\u00e9e devant un crucifix, elle avait entendu cette parole\u00a0: \u00ab\u00a0Ton enfant brillera et resplendira comme une lumi\u00e8re dans le monde entier.\u00a0\u00bb<br class=\"manualbr\" \/>L\u2019Ordre des Clarisses est maintenant r\u00e9pandu dans de nombreux pays, s\u2019appuyant toujours sur la pri\u00e8re et l\u2019abandon \u00e0 la Providence.<\/p><p><strong>La lumi\u00e8re de ton visage, Seigneur, a brill\u00e9 sur nous\u00a0: Tu as mis la joie dans mon c\u0153ur. Psaume IV<\/strong><\/p><div id=\"chapo_article li\"><p>\u00a0<\/p><\/div><\/div><\/div><\/div><\/div><\/div>\t\t\t\t\t\t\t\t<\/div>\n\t\t\t\t<\/div>\n\t\t\t\t\t<\/div>\n\t\t<\/div>\n\t\t\t\t\t<\/div>\n\t\t<\/section>\n\t\t\t\t<\/div>\n\t\t","protected":false},"excerpt":{"rendered":"<p>\u00ab\u00a0Ton enfant brillera et resplendira dans le monde entier\u00a0\u00bb. Voici la promesse que re\u00e7ut la maman de Claire au cours d\u2019une pri\u00e8re. La vie de sainte Claire d\u2019Assise montre qu\u2019elle fut largement accomplie\u00a0!<\/p>\n","protected":false},"author":11,"featured_media":0,"comment_status":"closed","ping_status":"closed","sticky":false,"template":"","format":"standard","meta":{"_seopress_robots_primary_cat":"","_seopress_titles_title":"","_seopress_titles_desc":"","_seopress_robots_index":"","site-sidebar-layout":"default","site-content-layout":"","ast-site-content-layout":"default","site-content-style":"default","site-sidebar-style":"default","ast-global-header-display":"","ast-banner-title-visibility":"","ast-main-header-display":"","ast-hfb-above-header-display":"","ast-hfb-below-header-display":"","ast-hfb-mobile-header-display":"","site-post-title":"","ast-breadcrumbs-content":"","ast-featured-img":"","footer-sml-layout":"","theme-transparent-header-meta":"","adv-header-id-meta":"","stick-header-meta":"","header-above-stick-meta":"","header-main-stick-meta":"","header-below-stick-meta":"","astra-migrate-meta-layouts":"set","ast-page-background-enabled":"default","ast-page-background-meta":{"desktop":{"background-color":"var(--ast-global-color-4)","background-image":"","background-repeat":"repeat","background-position":"center center","background-size":"auto","background-attachment":"scroll","background-type":"","background-media":"","overlay-type":"","overlay-color":"","overlay-opacity":"","overlay-gradient":""},"tablet":{"background-color":"","background-image":"","background-repeat":"repeat","background-position":"center center","background-size":"auto","background-attachment":"scroll","background-type":"","background-media":"","overlay-type":"","overlay-color":"","overlay-opacity":"","overlay-gradient":""},"mobile":{"background-color":"","background-image":"","background-repeat":"repeat","background-position":"center center","background-size":"auto","background-attachment":"scroll","background-type":"","background-media":"","overlay-type":"","overlay-color":"","overlay-opacity":"","overlay-gradient":""}},"ast-content-background-meta":{"desktop":{"background-color":"var(--ast-global-color-5)","background-image":"","background-repeat":"repeat","background-position":"center center","background-size":"auto","background-attachment":"scroll","background-type":"","background-media":"","overlay-type":"","overlay-color":"","overlay-opacity":"","overlay-gradient":""},"tablet":{"background-color":"var(--ast-global-color-5)","background-image":"","background-repeat":"repeat","background-position":"center center","background-size":"auto","background-attachment":"scroll","background-type":"","background-media":"","overlay-type":"","overlay-color":"","overlay-opacity":"","overlay-gradient":""},"mobile":{"background-color":"var(--ast-global-color-5)","background-image":"","background-repeat":"repeat","background-position":"center center","background-size":"auto","background-attachment":"scroll","background-type":"","background-media":"","overlay-type":"","overlay-color":"","overlay-opacity":"","overlay-gradient":""}},"footnotes":""},"categories":[20,83],"tags":[],"class_list":["post-4075","post","type-post","status-publish","format-standard","hentry","category-connaissance-de-dieu","category-temoins"],"_links":{"self":[{"href":"https:\/\/www.scouts-europe.org\/scoutorama\/wp-json\/wp\/v2\/posts\/4075","targetHints":{"allow":["GET"]}}],"collection":[{"href":"https:\/\/www.scouts-europe.org\/scoutorama\/wp-json\/wp\/v2\/posts"}],"about":[{"href":"https:\/\/www.scouts-europe.org\/scoutorama\/wp-json\/wp\/v2\/types\/post"}],"author":[{"embeddable":true,"href":"https:\/\/www.scouts-europe.org\/scoutorama\/wp-json\/wp\/v2\/users\/11"}],"replies":[{"embeddable":true,"href":"https:\/\/www.scouts-europe.org\/scoutorama\/wp-json\/wp\/v2\/comments?post=4075"}],"version-history":[{"count":10,"href":"https:\/\/www.scouts-europe.org\/scoutorama\/wp-json\/wp\/v2\/posts\/4075\/revisions"}],"predecessor-version":[{"id":5825,"href":"https:\/\/www.scouts-europe.org\/scoutorama\/wp-json\/wp\/v2\/posts\/4075\/revisions\/5825"}],"wp:attachment":[{"href":"https:\/\/www.scouts-europe.org\/scoutorama\/wp-json\/wp\/v2\/media?parent=4075"}],"wp:term":[{"taxonomy":"category","embeddable":true,"href":"https:\/\/www.scouts-europe.org\/scoutorama\/wp-json\/wp\/v2\/categories?post=4075"},{"taxonomy":"post_tag","embeddable":true,"href":"https:\/\/www.scouts-europe.org\/scoutorama\/wp-json\/wp\/v2\/tags?post=4075"}],"curies":[{"name":"wp","href":"https:\/\/api.w.org\/{rel}","templated":true}]}}